{"id":254,"date":"2021-02-01T00:35:22","date_gmt":"2021-01-31T21:35:22","guid":{"rendered":"http:\/\/site.zile.bel.tr\/?p=254"},"modified":"2021-02-01T01:10:28","modified_gmt":"2021-01-31T22:10:28","slug":"baskan-sargin-hancerliyi-ziyaret-etti","status":"publish","type":"post","link":"https:\/\/site.zile.bel.tr\/index.php\/2021\/02\/01\/baskan-sargin-hancerliyi-ziyaret-etti\/","title":{"rendered":"Ba\u015fkan Sarg\u0131n Han\u00e7erli\u2019yi Ziyaret Etti"},"content":{"rendered":"<p>Zile Belediye Ba\u015fkan\u0131 \u015e\u00fckr\u00fc Sarg\u0131n, Avc\u0131lar Belediye Ba\u015fkan\u0131 Tokatl\u0131 Turan Han\u00e7erli\u2019yi makam\u0131nda ziyaret etti.<\/p>\n<p>Ziyarette Sarg\u0131n ve Han\u00e7erli bir s\u00fcre sohbet edip bilgi al\u0131\u015fveri\u015finde bulundular. Sarg\u0131n Han\u00e7erliye ziyaretin an\u0131s\u0131na Zile Belediyesi amblemli porselen tabak hediye etti. Ba\u015fkan Han\u00e7erli Sarg\u0131n\u2019\u0131 u\u011furlarken yapt\u0131\u011f\u0131 a\u00e7\u0131klamada bug\u00fcn Zile Belediye Ba\u015fkan\u0131m\u0131z\u0131 belediyemizde a\u011f\u0131rlad\u0131k, nazik ziyaretleri i\u00e7in kendisine \u00e7ok te\u015fekk\u00fcr ederim dedi.<\/p>\n<p><img loading=\"lazy\" decoding=\"async\" class=\"alignnone wp-image-255\" src=\"http:\/\/site.zile.bel.tr\/wp-content\/uploads\/2021\/02\/Basliksiz-1-kopya-300x201.jpg\" alt=\"\" width=\"778\" height=\"521\" srcset=\"https:\/\/site.zile.bel.tr\/wp-content\/uploads\/2021\/02\/Basliksiz-1-kopya-300x201.jpg 300w, https:\/\/site.zile.bel.tr\/wp-content\/uploads\/2021\/02\/Basliksiz-1-kopya-1024x687.jpg 1024w, https:\/\/site.zile.bel.tr\/wp-content\/uploads\/2021\/02\/Basliksiz-1-kopya-768x515.jpg 768w, https:\/\/site.zile.bel.tr\/wp-content\/uploads\/2021\/02\/Basliksiz-1-kopya.jpg 1293w\" sizes=\"auto, (max-width: 778px) 100vw, 778px\" \/><\/p>\n","protected":false},"excerpt":{"rendered":"<p>Zile Belediye Ba\u015fkan\u0131 \u015e\u00fckr\u00fc Sarg\u0131n, Avc\u0131lar Belediye Ba\u015fkan\u0131 Tokatl\u0131 Turan Han\u00e7erli\u2019yi makam\u0131nda ziyaret etti. Ziyarette Sarg\u0131n ve Han\u00e7erli bir s\u00fcre sohbet edip bilgi al\u0131\u015fveri\u015finde bulundular. Sarg\u0131n Han\u00e7erliye ziyaretin an\u0131s\u0131na Zile Belediyesi amblemli porselen tabak hediye etti. Ba\u015fkan Han\u00e7erli Sarg\u0131n\u2019\u0131 u\u011furlarken yapt\u0131\u011f\u0131 a\u00e7\u0131klamada bug\u00fcn Zile Belediye Ba\u015fkan\u0131m\u0131z\u0131 belediyemizde a\u011f\u0131rlad\u0131k, nazik ziyaretleri i\u00e7in kendisine \u00e7ok te\u015fekk\u00fcr ederim [&hellip;]<\/p>\n","protected":false},"author":1,"featured_media":255,"comment_status":"open","ping_status":"open","sticky":false,"template":"","format":"standard","meta":{"footnotes":""},"categories":[11],"tags":[],"class_list":["post-254","post","type-post","status-publish","format-standard","has-post-thumbnail","hentry","category-haberler"],"_links":{"self":[{"href":"https:\/\/site.zile.bel.tr\/index.php\/wp-json\/wp\/v2\/posts\/254","targetHints":{"allow":["GET"]}}],"collection":[{"href":"https:\/\/site.zile.bel.tr\/index.php\/wp-json\/wp\/v2\/posts"}],"about":[{"href":"https:\/\/site.zile.bel.tr\/index.php\/wp-json\/wp\/v2\/types\/post"}],"author":[{"embeddable":true,"href":"https:\/\/site.zile.bel.tr\/index.php\/wp-json\/wp\/v2\/users\/1"}],"replies":[{"embeddable":true,"href":"https:\/\/site.zile.bel.tr\/index.php\/wp-json\/wp\/v2\/comments?post=254"}],"version-history":[{"count":2,"href":"https:\/\/site.zile.bel.tr\/index.php\/wp-json\/wp\/v2\/posts\/254\/revisions"}],"predecessor-version":[{"id":292,"href":"https:\/\/site.zile.bel.tr\/index.php\/wp-json\/wp\/v2\/posts\/254\/revisions\/292"}],"wp:featuredmedia":[{"embeddable":true,"href":"https:\/\/site.zile.bel.tr\/index.php\/wp-json\/wp\/v2\/media\/255"}],"wp:attachment":[{"href":"https:\/\/site.zile.bel.tr\/index.php\/wp-json\/wp\/v2\/media?parent=254"}],"wp:term":[{"taxonomy":"category","embeddable":true,"href":"https:\/\/site.zile.bel.tr\/index.php\/wp-json\/wp\/v2\/categories?post=254"},{"taxonomy":"post_tag","embeddable":true,"href":"https:\/\/site.zile.bel.tr\/index.php\/wp-json\/wp\/v2\/tags?post=254"}],"curies":[{"name":"wp","href":"https:\/\/api.w.org\/{rel}","templated":true}]}}