{"id":2828,"date":"2021-09-20T10:24:30","date_gmt":"2021-09-20T07:24:30","guid":{"rendered":"http:\/\/site.zile.bel.tr\/?p=2828"},"modified":"2021-09-20T10:27:28","modified_gmt":"2021-09-20T07:27:28","slug":"resim-ciz-bisiklet-kazan","status":"publish","type":"post","link":"https:\/\/site.zile.bel.tr\/index.php\/2021\/09\/20\/resim-ciz-bisiklet-kazan\/","title":{"rendered":"Resim \u00c7iz, Bisiklet Kazan"},"content":{"rendered":"<p><img loading=\"lazy\" decoding=\"async\" class=\"alignnone wp-image-2829\" src=\"http:\/\/site.zile.bel.tr\/wp-content\/uploads\/2021\/09\/bisiklet-yarisma-1649-x-1100-1024x683.jpg\" alt=\"\" width=\"800\" height=\"534\" srcset=\"https:\/\/site.zile.bel.tr\/wp-content\/uploads\/2021\/09\/bisiklet-yarisma-1649-x-1100-1024x683.jpg 1024w, https:\/\/site.zile.bel.tr\/wp-content\/uploads\/2021\/09\/bisiklet-yarisma-1649-x-1100-300x200.jpg 300w, https:\/\/site.zile.bel.tr\/wp-content\/uploads\/2021\/09\/bisiklet-yarisma-1649-x-1100-768x512.jpg 768w, https:\/\/site.zile.bel.tr\/wp-content\/uploads\/2021\/09\/bisiklet-yarisma-1649-x-1100-1536x1025.jpg 1536w, https:\/\/site.zile.bel.tr\/wp-content\/uploads\/2021\/09\/bisiklet-yarisma-1649-x-1100.jpg 1649w\" sizes=\"auto, (max-width: 800px) 100vw, 800px\" \/><\/p>\n<h1 style=\"text-align: center;\">Z\u0130LE BELED\u0130YES\u0130<\/h1>\n<h1 style=\"text-align: center;\"><u>RES\u0130M YARI\u015eMASI \u015eARTNAMES\u0130<\/u><\/h1>\n<h1 style=\"text-align: center;\"><u>Konu:<\/u> Avrupa Hareketlilik Haftas\u0131 Resim Yar\u0131\u015fmas\u0131<\/h1>\n<p style=\"text-align: center;\"><strong><u>\u00a0<\/u><\/strong><\/p>\n<p style=\"text-align: center;\"><u>Ama\u00e7:<\/u><\/p>\n<p style=\"text-align: center;\">2021 Avrupa Hareketlilik Haftas\u0131 temas\u0131 bu y\u0131l <strong>\u201cS\u00fcrd\u00fcr\u00fclebilir ula\u015f\u0131m: Sa\u011fl\u0131kl\u0131 ve G\u00fcvenli Hareketlilik\u201d<\/strong> olarak belirlenmi\u015ftir. T\u00fcm d\u00fcnyada oldu\u011fu gibi \u00fclkemizde ve il\u00e7emizde sa\u011fl\u0131kl\u0131 ya\u015fam ad\u0131na karbon emisyonun azalt\u0131lmas\u0131 ve hava kalitesinin artt\u0131r\u0131lmas\u0131 amac\u0131yla \u00e7evre dostu ula\u015f\u0131m y\u00f6ntemlerinden birisi olan Bisiklet s\u00fcrmenin ve y\u00fcr\u00fcmenin te\u015fvik edilmesi ama\u00e7lanmaktad\u0131r. Bu tema \u00fczerinde \u00e7ocuklar\u0131n hayal g\u00fc\u00e7lerini desteklemek ve hayallerini g\u00f6rsel olarak ifade etmek.<\/p>\n<p style=\"text-align: center;\"><strong><u>\u00a0<\/u><\/strong><\/p>\n<p style=\"text-align: center;\"><strong><u>Ortaokul:<\/u><\/strong><\/p>\n<p style=\"text-align: center;\">5. 6. 7. ve 8. S\u0131n\u0131flar<\/p>\n<p style=\"text-align: center;\"><strong><u>Son <\/u><\/strong><strong><u>Kat\u0131l\u0131m <\/u><\/strong><strong><u>Tarihi\u00a0\u00a0\u00a0\u00a0\u00a0\u00a0\u00a0\u00a0\u00a0\u00a0\u00a0\u00a0\u00a0\u00a0\u00a0 <\/u><\/strong><u>:<\/u><\/p>\n<p style=\"text-align: center;\">21 Eyl\u00fcl 2021 Saat 14:00<\/p>\n<h1 style=\"text-align: center;\"><u>\u00d6d\u00fcl<\/u><\/h1>\n<p style=\"text-align: center;\">Bisiklet<\/p>\n<h1 style=\"text-align: center;\"><u>\u00d6d\u00fcl T\u00f6reni:<\/u><\/h1>\n<p style=\"text-align: center;\">Tarih: 22.09.2021<\/p>\n<p style=\"text-align: center;\">Saat: 15:30<\/p>\n<p style=\"text-align: center;\">Yer: Zile Belediyesi Hizmet Binas\u0131 \u00d6n\u00fc<\/p>\n<p style=\"text-align: center;\"><strong><u>\u00a0<\/u><\/strong><\/p>\n<p style=\"text-align: center;\"><strong><u>Yar\u0131\u015fmava Kat\u0131l\u0131m <\/u><\/strong><strong><u>Ko\u015fullar\u0131<\/u><\/strong><\/p>\n<p style=\"text-align: center;\"><strong>\u00a0<\/strong><\/p>\n<ol style=\"text-align: center;\">\n<li>Yar\u0131\u015fma sadece Zile il\u00e7esi b\u00fcnyesinde faaliyet g\u00f6steren ortaokullarda \u00f6\u011frenim g\u00f6ren \u00f6\u011frenciler kat\u0131labilir.<\/li>\n<li>Resimler 35&#215;50 cm \u00f6l\u00e7\u00fclerinde olmal\u0131 ve siyah fon karton \u00fczerine \u00a0\u00a0\u00a0\u00a0\u00a0\u00a0\u00a0\u00a0\u00a0\u00a0\u00a0\u00a0\u00a0\u00a0\u00a0\u00a0\u00a0\u00a0\u00a0\u00a0\u00a0\u00a0paspartu yap\u0131lmal\u0131d\u0131r.<\/li>\n<li>Resimler \u201ckuru boya\u201d tekni\u011fi kullan\u0131larak renklendirilmelidir.<\/li>\n<li>Birden fazla resimle yar\u0131\u015fmaya kat\u0131l\u0131m yap\u0131labilir. \u00c7al\u0131\u015fmalar daha \u00f6nce yar\u0131\u015fmada \u00f6d\u00fcl alm\u0131\u015f olmamal\u0131 ve ba\u015fka bir \u00e7al\u0131\u015fma kopya edilmemeli.<\/li>\n<li>Resimler \u00fczerinde isim, okul ismi vb. belirleyici isim bulunmamal\u0131d\u0131r. \u00d6\u011frenci ismi soyismi, okul ismi, ve \u015fube ad\u0131 bir ka\u011f\u0131t \u00fczerine yaz\u0131l\u0131p kapal\u0131 zarf i\u00e7erisinde resmin arka k\u0131sm\u0131na yap\u0131\u015ft\u0131r\u0131lacakt\u0131r.<\/li>\n<li>Resimler iade edilmeyece\u011finden Zile Belediyesi bu resimleri her t\u00fcrl\u00fc kullan\u0131m hakk\u0131na sahip olacakt\u0131r.<\/li>\n<li>\u00d6d\u00fcller 5. s\u0131n\u0131f, 6. S\u0131n\u0131f, 7. S\u0131n\u0131f ve 8. S\u0131n\u0131f kategorisinde ayr\u0131 ayr\u0131 sadece birinci olana verilecektir. Bundan dolay\u0131 resimlerin sa\u011f alt k\u00f6\u015fesine yaln\u0131zca okul numaras\u0131 yaz\u0131lmal\u0131d\u0131r.<\/li>\n<li>\u015eartname d\u0131\u015f\u0131ndaki \u00e7al\u0131\u015fmalar de\u011ferlendirmeye al\u0131nmayacakt\u0131r.<\/li>\n<li>Resimler en ge\u00e7 21 Eyl\u00fcl 2021 saat 14:00\u2019a kadar Zile \u0130l\u00e7e Milli E\u011fitim M\u00fcd\u00fcrl\u00fc\u011f\u00fc \u015eube M\u00fcd\u00fcr\u00fc Fethi SAYI\u015e\u2019a teslim edilecektir.<\/li>\n<\/ol>\n<p style=\"text-align: center;\"><strong><u>J\u00fcri <\/u><\/strong><u>\u00dcyeleri:<\/u><\/p>\n<p style=\"text-align: center;\">Ay\u015feg\u00fcl POLATT\u0130MUR<\/p>\n<p style=\"text-align: center;\">\u00c7evre M\u00fchendisi<\/p>\n<p>&nbsp;<\/p>\n<p style=\"text-align: center;\">Fikret E\u015eAT<\/p>\n<p style=\"text-align: center;\">Proje Uzman\u0131<\/p>\n<p>&nbsp;<\/p>\n<p style=\"text-align: center;\">M. Fatih CO\u015eKUN<\/p>\n<p style=\"text-align: center;\">Resim \u00d6\u011fretmeni<\/p>\n<p>&nbsp;<\/p>\n<p style=\"text-align: center;\">Mustafa DEM\u0130RHAN<\/p>\n<p style=\"text-align: center;\">Resim \u00d6\u011fretmeni<\/p>\n<p>&nbsp;<\/p>\n<p>&nbsp;<\/p>\n<p>&nbsp;<\/p>\n<p>&nbsp;<\/p>\n<p>&nbsp;<\/p>\n<p>&nbsp;<\/p>\n<p>&nbsp;<\/p>\n","protected":false},"excerpt":{"rendered":"<p>Z\u0130LE BELED\u0130YES\u0130 RES\u0130M YARI\u015eMASI \u015eARTNAMES\u0130 Konu: Avrupa Hareketlilik Haftas\u0131 Resim Yar\u0131\u015fmas\u0131 \u00a0 Ama\u00e7: 2021 Avrupa Hareketlilik Haftas\u0131 temas\u0131 bu y\u0131l \u201cS\u00fcrd\u00fcr\u00fclebilir ula\u015f\u0131m: Sa\u011fl\u0131kl\u0131 ve G\u00fcvenli Hareketlilik\u201d olarak belirlenmi\u015ftir. T\u00fcm d\u00fcnyada oldu\u011fu gibi \u00fclkemizde ve il\u00e7emizde sa\u011fl\u0131kl\u0131 ya\u015fam ad\u0131na karbon emisyonun azalt\u0131lmas\u0131 ve hava kalitesinin artt\u0131r\u0131lmas\u0131 amac\u0131yla \u00e7evre dostu ula\u015f\u0131m y\u00f6ntemlerinden birisi olan Bisiklet s\u00fcrmenin ve [&hellip;]<\/p>\n","protected":false},"author":1,"featured_media":2829,"comment_status":"open","ping_status":"open","sticky":false,"template":"","format":"standard","meta":{"footnotes":""},"categories":[11],"tags":[],"class_list":["post-2828","post","type-post","status-publish","format-standard","has-post-thumbnail","hentry","category-haberler"],"_links":{"self":[{"href":"https:\/\/site.zile.bel.tr\/index.php\/wp-json\/wp\/v2\/posts\/2828","targetHints":{"allow":["GET"]}}],"collection":[{"href":"https:\/\/site.zile.bel.tr\/index.php\/wp-json\/wp\/v2\/posts"}],"about":[{"href":"https:\/\/site.zile.bel.tr\/index.php\/wp-json\/wp\/v2\/types\/post"}],"author":[{"embeddable":true,"href":"https:\/\/site.zile.bel.tr\/index.php\/wp-json\/wp\/v2\/users\/1"}],"replies":[{"embeddable":true,"href":"https:\/\/site.zile.bel.tr\/index.php\/wp-json\/wp\/v2\/comments?post=2828"}],"version-history":[{"count":4,"href":"https:\/\/site.zile.bel.tr\/index.php\/wp-json\/wp\/v2\/posts\/2828\/revisions"}],"predecessor-version":[{"id":2833,"href":"https:\/\/site.zile.bel.tr\/index.php\/wp-json\/wp\/v2\/posts\/2828\/revisions\/2833"}],"wp:featuredmedia":[{"embeddable":true,"href":"https:\/\/site.zile.bel.tr\/index.php\/wp-json\/wp\/v2\/media\/2829"}],"wp:attachment":[{"href":"https:\/\/site.zile.bel.tr\/index.php\/wp-json\/wp\/v2\/media?parent=2828"}],"wp:term":[{"taxonomy":"category","embeddable":true,"href":"https:\/\/site.zile.bel.tr\/index.php\/wp-json\/wp\/v2\/categories?post=2828"},{"taxonomy":"post_tag","embeddable":true,"href":"https:\/\/site.zile.bel.tr\/index.php\/wp-json\/wp\/v2\/tags?post=2828"}],"curies":[{"name":"wp","href":"https:\/\/api.w.org\/{rel}","templated":true}]}}