{"id":3029,"date":"2021-11-21T11:00:20","date_gmt":"2021-11-21T08:00:20","guid":{"rendered":"https:\/\/site.zile.bel.tr\/?p=3029"},"modified":"2021-11-21T11:00:20","modified_gmt":"2021-11-21T08:00:20","slug":"1000-yillik-ata-tohumu-ekimi-bu-yilda-devam-ediyor","status":"publish","type":"post","link":"https:\/\/site.zile.bel.tr\/index.php\/2021\/11\/21\/1000-yillik-ata-tohumu-ekimi-bu-yilda-devam-ediyor\/","title":{"rendered":"1000 y\u0131ll\u0131k ata tohumu ekimi bu y\u0131lda devam ediyor"},"content":{"rendered":"<p>1000 y\u0131ll\u0131k ata tohumu Karak\u0131l\u00e7\u0131k Bu\u011fday\u0131n\u0131 tekrar ekme, yayg\u0131nla\u015ft\u0131rma ve bu\u011fday \u00fcreticilerine destek verme amac\u0131yla ba\u015flat\u0131lan proje kapsam\u0131nda, \u0130stasyon Mahallesi\u2019ndeki 20 d\u00f6n\u00fcm tar\u0131m arazisine 610 kg Karak\u0131l\u00e7\u0131k Bu\u011fday\u0131 ekildi.<br \/>\nG\u00fcn\u00fcm\u00fcz de yerel tohumlar\u0131n \u00f6nem arz etti\u011fini ve korunmas\u0131 gerekti\u011fini belirten Zile Belediye Ba\u015fkan\u0131 \u015e\u00fckr\u00fc Sarg\u0131n, sa\u011fl\u0131kl\u0131 g\u0131daya yerel tohumlarla ula\u015f\u0131labilece\u011fini s\u00f6yledi.<br \/>\n\u00c7ift\u00e7imize tohum deste\u011fi vermeyi hedefliyoruz<br \/>\nKarak\u0131l\u00e7\u0131k Bu\u011fday\u0131 \u2019n\u0131 kapasite art\u0131r\u0131m\u0131 yap\u0131larak bu y\u0131lda ekmeye devam ettiklerini belirten Ba\u015fkan Sarg\u0131n, \u201c Ge\u00e7en y\u0131l ba\u015flad\u0131\u011f\u0131m\u0131z proje kapsam\u0131nda ilk hasad\u0131m\u0131z\u0131 verimli bir \u015fekilde yapt\u0131k. Bu y\u0131l kapasite art\u0131r\u0131m\u0131 yap\u0131larak devam eden projemiz ile \u00e7ift\u00e7imize tohum deste\u011fi vermeyi hedefliyoruz. Pandemi s\u00fcrecinde \u00f6zellikle \u00fclkelerin bu d\u00f6nemde \u00fczerinde durduklar\u0131 en \u00f6nemli konulardan bir tanesi de g\u0131da arz g\u00fcvenli\u011fidir. Bu vesileyle Zile gibi geni\u015f tar\u0131m arazilerine sahip, iklim bak\u0131m\u0131ndan elveri\u015fli bu b\u00f6lgelerde \u00e7ok \u00f6nemli bir misyonumuz var ve biz de bu misyonumuzu yerine getirmekte kararl\u0131y\u0131z&#8221; dedi.<br \/>\n<img loading=\"lazy\" decoding=\"async\" class=\"alignnone wp-image-3030\" src=\"http:\/\/site.zile.bel.tr\/wp-content\/uploads\/2021\/11\/001-son-3300-x-2254-1024x699.jpg\" alt=\"\" width=\"800\" height=\"547\" srcset=\"https:\/\/site.zile.bel.tr\/wp-content\/uploads\/2021\/11\/001-son-3300-x-2254-1024x699.jpg 1024w, https:\/\/site.zile.bel.tr\/wp-content\/uploads\/2021\/11\/001-son-3300-x-2254-300x205.jpg 300w, https:\/\/site.zile.bel.tr\/wp-content\/uploads\/2021\/11\/001-son-3300-x-2254-768x525.jpg 768w, https:\/\/site.zile.bel.tr\/wp-content\/uploads\/2021\/11\/001-son-3300-x-2254-1536x1049.jpg 1536w, https:\/\/site.zile.bel.tr\/wp-content\/uploads\/2021\/11\/001-son-3300-x-2254-2048x1399.jpg 2048w\" sizes=\"auto, (max-width: 800px) 100vw, 800px\" \/><\/p>\n","protected":false},"excerpt":{"rendered":"<p>1000 y\u0131ll\u0131k ata tohumu Karak\u0131l\u00e7\u0131k Bu\u011fday\u0131n\u0131 tekrar ekme, yayg\u0131nla\u015ft\u0131rma ve bu\u011fday \u00fcreticilerine destek verme amac\u0131yla ba\u015flat\u0131lan proje kapsam\u0131nda, \u0130stasyon Mahallesi\u2019ndeki 20 d\u00f6n\u00fcm tar\u0131m arazisine 610 kg Karak\u0131l\u00e7\u0131k Bu\u011fday\u0131 ekildi. G\u00fcn\u00fcm\u00fcz de yerel tohumlar\u0131n \u00f6nem arz etti\u011fini ve korunmas\u0131 gerekti\u011fini belirten Zile Belediye Ba\u015fkan\u0131 \u015e\u00fckr\u00fc Sarg\u0131n, sa\u011fl\u0131kl\u0131 g\u0131daya yerel tohumlarla ula\u015f\u0131labilece\u011fini s\u00f6yledi. \u00c7ift\u00e7imize tohum deste\u011fi vermeyi [&hellip;]<\/p>\n","protected":false},"author":1,"featured_media":3030,"comment_status":"open","ping_status":"open","sticky":false,"template":"","format":"standard","meta":{"footnotes":""},"categories":[11],"tags":[],"class_list":["post-3029","post","type-post","status-publish","format-standard","has-post-thumbnail","hentry","category-haberler"],"_links":{"self":[{"href":"https:\/\/site.zile.bel.tr\/index.php\/wp-json\/wp\/v2\/posts\/3029","targetHints":{"allow":["GET"]}}],"collection":[{"href":"https:\/\/site.zile.bel.tr\/index.php\/wp-json\/wp\/v2\/posts"}],"about":[{"href":"https:\/\/site.zile.bel.tr\/index.php\/wp-json\/wp\/v2\/types\/post"}],"author":[{"embeddable":true,"href":"https:\/\/site.zile.bel.tr\/index.php\/wp-json\/wp\/v2\/users\/1"}],"replies":[{"embeddable":true,"href":"https:\/\/site.zile.bel.tr\/index.php\/wp-json\/wp\/v2\/comments?post=3029"}],"version-history":[{"count":1,"href":"https:\/\/site.zile.bel.tr\/index.php\/wp-json\/wp\/v2\/posts\/3029\/revisions"}],"predecessor-version":[{"id":3031,"href":"https:\/\/site.zile.bel.tr\/index.php\/wp-json\/wp\/v2\/posts\/3029\/revisions\/3031"}],"wp:featuredmedia":[{"embeddable":true,"href":"https:\/\/site.zile.bel.tr\/index.php\/wp-json\/wp\/v2\/media\/3030"}],"wp:attachment":[{"href":"https:\/\/site.zile.bel.tr\/index.php\/wp-json\/wp\/v2\/media?parent=3029"}],"wp:term":[{"taxonomy":"category","embeddable":true,"href":"https:\/\/site.zile.bel.tr\/index.php\/wp-json\/wp\/v2\/categories?post=3029"},{"taxonomy":"post_tag","embeddable":true,"href":"https:\/\/site.zile.bel.tr\/index.php\/wp-json\/wp\/v2\/tags?post=3029"}],"curies":[{"name":"wp","href":"https:\/\/api.w.org\/{rel}","templated":true}]}}