{"id":3091,"date":"2021-12-24T14:22:47","date_gmt":"2021-12-24T11:22:47","guid":{"rendered":"https:\/\/site.zile.bel.tr\/?p=3091"},"modified":"2021-12-24T14:22:47","modified_gmt":"2021-12-24T11:22:47","slug":"yeni-kapi-etkinlik-alaninda-zile-ruzgari-2","status":"publish","type":"post","link":"https:\/\/site.zile.bel.tr\/index.php\/2021\/12\/24\/yeni-kapi-etkinlik-alaninda-zile-ruzgari-2\/","title":{"rendered":"YEN\u0130 KAPI ETK\u0130NL\u0130K ALANINDA Z\u0130LE R\u00dcZ\u011eARI"},"content":{"rendered":"<p>\u0130stanbul Yeni Kap\u0131 Etkinlik alan\u0131nda yap\u0131lan Tokat G\u00fcnlerinde Zile y\u00f6resel \u00fcr\u00fcnleri ve 7000 y\u0131ll\u0131k tarihi ile yerini ald\u0131.<\/p>\n<p><img loading=\"lazy\" decoding=\"async\" class=\"alignnone wp-image-3092\" src=\"http:\/\/site.zile.bel.tr\/wp-content\/uploads\/2021\/12\/1-3.jpg\" alt=\"\" width=\"800\" height=\"600\" srcset=\"https:\/\/site.zile.bel.tr\/wp-content\/uploads\/2021\/12\/1-3.jpg 1024w, https:\/\/site.zile.bel.tr\/wp-content\/uploads\/2021\/12\/1-3-300x225.jpg 300w, https:\/\/site.zile.bel.tr\/wp-content\/uploads\/2021\/12\/1-3-768x576.jpg 768w\" sizes=\"auto, (max-width: 800px) 100vw, 800px\" \/><\/p>\n<p>23 &#8211; 26 Aral\u0131k tarihleri aras\u0131nda \u0130stanbul Yenikap\u0131 Etkinlik Alan\u0131nda ger\u00e7ekle\u015ftirilen Tokat G\u00fcnleri ziyaret\u00e7ilere kap\u0131lar\u0131n\u0131 a\u00e7t\u0131.<\/p>\n<p><img loading=\"lazy\" decoding=\"async\" class=\"alignnone wp-image-3093\" src=\"http:\/\/site.zile.bel.tr\/wp-content\/uploads\/2021\/12\/2-3.jpg\" alt=\"\" width=\"800\" height=\"600\" srcset=\"https:\/\/site.zile.bel.tr\/wp-content\/uploads\/2021\/12\/2-3.jpg 1024w, https:\/\/site.zile.bel.tr\/wp-content\/uploads\/2021\/12\/2-3-300x225.jpg 300w, https:\/\/site.zile.bel.tr\/wp-content\/uploads\/2021\/12\/2-3-768x576.jpg 768w\" sizes=\"auto, (max-width: 800px) 100vw, 800px\" \/><\/p>\n<p>Hem\u015ferileri ve Zileli i\u015f adamlar\u0131 ile bir araya geldikleri i\u00e7in mutlu oldu\u011funu ifade eden Zile Belediye Ba\u015fkan\u0131 \u015e\u00fckr\u00fc Sarg\u0131n, bu tarz etkinliklerin \u00f6nemine dikkat \u00e7ekerek, \u201cT\u00fcrkiye\u2019nin farkl\u0131 illerinde bu etkinliklerin yap\u0131lmas\u0131n\u0131 arzu ediyoruz. Zileli hem\u015ferilerimizle bir araya gelme f\u0131rsat\u0131m\u0131z oldu. B\u00f6lge turizmi a\u00e7\u0131s\u0131ndan \u00f6nemli oldu\u011funu d\u00fc\u015f\u00fcn\u00fcyorum\u201d dedi.<\/p>\n\n\t\t<style type=\"text\/css\">\n\t\t\t#gallery-1 {\n\t\t\t\tmargin: auto;\n\t\t\t}\n\t\t\t#gallery-1 .gallery-item {\n\t\t\t\tfloat: left;\n\t\t\t\tmargin-top: 10px;\n\t\t\t\ttext-align: center;\n\t\t\t\twidth: 33%;\n\t\t\t}\n\t\t\t#gallery-1 img {\n\t\t\t\tborder: 2px solid #cfcfcf;\n\t\t\t}\n\t\t\t#gallery-1 .gallery-caption {\n\t\t\t\tmargin-left: 0;\n\t\t\t}\n\t\t\t\/* see gallery_shortcode() in wp-includes\/media.php *\/\n\t\t<\/style>\n\t\t<div id='gallery-1' class='gallery galleryid-3091 gallery-columns-3 gallery-size-thumbnail'><dl class='gallery-item'>\n\t\t\t<dt class='gallery-icon landscape'>\n\t\t\t\t<a href='https:\/\/site.zile.bel.tr\/wp-content\/uploads\/2021\/12\/1-4.jpg'><img loading=\"lazy\" decoding=\"async\" width=\"150\" height=\"150\" src=\"https:\/\/site.zile.bel.tr\/wp-content\/uploads\/2021\/12\/1-4-150x150.jpg\" class=\"attachment-thumbnail size-thumbnail\" alt=\"\" \/><\/a>\n\t\t\t<\/dt><\/dl><dl class='gallery-item'>\n\t\t\t<dt class='gallery-icon landscape'>\n\t\t\t\t<a href='https:\/\/site.zile.bel.tr\/wp-content\/uploads\/2021\/12\/2-4.jpg'><img loading=\"lazy\" decoding=\"async\" width=\"150\" height=\"150\" src=\"https:\/\/site.zile.bel.tr\/wp-content\/uploads\/2021\/12\/2-4-150x150.jpg\" class=\"attachment-thumbnail size-thumbnail\" alt=\"\" \/><\/a>\n\t\t\t<\/dt><\/dl><dl class='gallery-item'>\n\t\t\t<dt class='gallery-icon landscape'>\n\t\t\t\t<a href='https:\/\/site.zile.bel.tr\/wp-content\/uploads\/2021\/12\/3-3.jpg'><img loading=\"lazy\" decoding=\"async\" width=\"150\" height=\"150\" src=\"https:\/\/site.zile.bel.tr\/wp-content\/uploads\/2021\/12\/3-3-150x150.jpg\" class=\"attachment-thumbnail size-thumbnail\" alt=\"\" \/><\/a>\n\t\t\t<\/dt><\/dl><br style=\"clear: both\" \/><dl class='gallery-item'>\n\t\t\t<dt class='gallery-icon landscape'>\n\t\t\t\t<a href='https:\/\/site.zile.bel.tr\/wp-content\/uploads\/2021\/12\/4-3.jpg'><img loading=\"lazy\" decoding=\"async\" width=\"150\" height=\"150\" src=\"https:\/\/site.zile.bel.tr\/wp-content\/uploads\/2021\/12\/4-3-150x150.jpg\" class=\"attachment-thumbnail size-thumbnail\" alt=\"\" \/><\/a>\n\t\t\t<\/dt><\/dl><dl class='gallery-item'>\n\t\t\t<dt class='gallery-icon landscape'>\n\t\t\t\t<a href='https:\/\/site.zile.bel.tr\/wp-content\/uploads\/2021\/12\/5-1.jpg'><img loading=\"lazy\" decoding=\"async\" width=\"150\" height=\"150\" src=\"https:\/\/site.zile.bel.tr\/wp-content\/uploads\/2021\/12\/5-1-150x150.jpg\" class=\"attachment-thumbnail size-thumbnail\" alt=\"\" \/><\/a>\n\t\t\t<\/dt><\/dl><dl class='gallery-item'>\n\t\t\t<dt class='gallery-icon landscape'>\n\t\t\t\t<a href='https:\/\/site.zile.bel.tr\/wp-content\/uploads\/2021\/12\/6-2.jpg'><img loading=\"lazy\" decoding=\"async\" width=\"150\" height=\"150\" src=\"https:\/\/site.zile.bel.tr\/wp-content\/uploads\/2021\/12\/6-2-150x150.jpg\" class=\"attachment-thumbnail size-thumbnail\" alt=\"\" \/><\/a>\n\t\t\t<\/dt><\/dl><br style=\"clear: both\" \/>\n\t\t<\/div>\n\n","protected":false},"excerpt":{"rendered":"<p>\u0130stanbul Yeni Kap\u0131 Etkinlik alan\u0131nda yap\u0131lan Tokat G\u00fcnlerinde Zile y\u00f6resel \u00fcr\u00fcnleri ve 7000 y\u0131ll\u0131k tarihi ile yerini ald\u0131. 23 &#8211; 26 Aral\u0131k tarihleri aras\u0131nda \u0130stanbul Yenikap\u0131 Etkinlik Alan\u0131nda ger\u00e7ekle\u015ftirilen Tokat G\u00fcnleri ziyaret\u00e7ilere kap\u0131lar\u0131n\u0131 a\u00e7t\u0131. Hem\u015ferileri ve Zileli i\u015f adamlar\u0131 ile bir araya geldikleri i\u00e7in mutlu oldu\u011funu ifade eden Zile Belediye Ba\u015fkan\u0131 \u015e\u00fckr\u00fc Sarg\u0131n, bu tarz [&hellip;]<\/p>\n","protected":false},"author":1,"featured_media":3094,"comment_status":"open","ping_status":"open","sticky":false,"template":"","format":"standard","meta":{"footnotes":""},"categories":[11],"tags":[],"class_list":["post-3091","post","type-post","status-publish","format-standard","has-post-thumbnail","hentry","category-haberler"],"_links":{"self":[{"href":"https:\/\/site.zile.bel.tr\/index.php\/wp-json\/wp\/v2\/posts\/3091","targetHints":{"allow":["GET"]}}],"collection":[{"href":"https:\/\/site.zile.bel.tr\/index.php\/wp-json\/wp\/v2\/posts"}],"about":[{"href":"https:\/\/site.zile.bel.tr\/index.php\/wp-json\/wp\/v2\/types\/post"}],"author":[{"embeddable":true,"href":"https:\/\/site.zile.bel.tr\/index.php\/wp-json\/wp\/v2\/users\/1"}],"replies":[{"embeddable":true,"href":"https:\/\/site.zile.bel.tr\/index.php\/wp-json\/wp\/v2\/comments?post=3091"}],"version-history":[{"count":1,"href":"https:\/\/site.zile.bel.tr\/index.php\/wp-json\/wp\/v2\/posts\/3091\/revisions"}],"predecessor-version":[{"id":3100,"href":"https:\/\/site.zile.bel.tr\/index.php\/wp-json\/wp\/v2\/posts\/3091\/revisions\/3100"}],"wp:featuredmedia":[{"embeddable":true,"href":"https:\/\/site.zile.bel.tr\/index.php\/wp-json\/wp\/v2\/media\/3094"}],"wp:attachment":[{"href":"https:\/\/site.zile.bel.tr\/index.php\/wp-json\/wp\/v2\/media?parent=3091"}],"wp:term":[{"taxonomy":"category","embeddable":true,"href":"https:\/\/site.zile.bel.tr\/index.php\/wp-json\/wp\/v2\/categories?post=3091"},{"taxonomy":"post_tag","embeddable":true,"href":"https:\/\/site.zile.bel.tr\/index.php\/wp-json\/wp\/v2\/tags?post=3091"}],"curies":[{"name":"wp","href":"https:\/\/api.w.org\/{rel}","templated":true}]}}