{"id":3102,"date":"2022-01-03T14:06:26","date_gmt":"2022-01-03T11:06:26","guid":{"rendered":"http:\/\/site.zile.bel.tr\/?p=3102"},"modified":"2022-01-03T14:06:26","modified_gmt":"2022-01-03T11:06:26","slug":"is-sagligi-ve-guvenligi-konulu-egitim-calismasi","status":"publish","type":"post","link":"https:\/\/site.zile.bel.tr\/index.php\/2022\/01\/03\/is-sagligi-ve-guvenligi-konulu-egitim-calismasi\/","title":{"rendered":"\u0130\u015f Sa\u011fl\u0131\u011f\u0131 ve G\u00fcvenli\u011fi konulu e\u011fitim \u00e7al\u0131\u015fmas\u0131"},"content":{"rendered":"<div class=\"\" data-block=\"true\" data-editor=\"fov3p\" data-offset-key=\"d93rq-0-0\">\n<div class=\"_1mf _1mj\" data-offset-key=\"d93rq-0-0\"><span data-offset-key=\"d93rq-0-0\">Zile Belediyesi ve Zile Halk E\u011fitim Merkezi M\u00fcd\u00fcrl\u00fc\u011f\u00fc i\u015fbirli\u011fi ile belediye personellerine \u0130\u015f Sa\u011fl\u0131\u011f\u0131 ve G\u00fcvenli\u011fi konulu e\u011fitim \u00e7al\u0131\u015fmas\u0131 yap\u0131ld\u0131.<\/span><\/div>\n<div data-offset-key=\"d93rq-0-0\"><img loading=\"lazy\" decoding=\"async\" class=\"alignnone wp-image-3103\" src=\"http:\/\/site.zile.bel.tr\/wp-content\/uploads\/2022\/01\/1-300x200.jpg\" alt=\"\" width=\"800\" height=\"533\" srcset=\"https:\/\/site.zile.bel.tr\/wp-content\/uploads\/2022\/01\/1-300x200.jpg 300w, https:\/\/site.zile.bel.tr\/wp-content\/uploads\/2022\/01\/1-768x512.jpg 768w, https:\/\/site.zile.bel.tr\/wp-content\/uploads\/2022\/01\/1.jpg 1024w\" sizes=\"auto, (max-width: 800px) 100vw, 800px\" \/><\/div>\n<\/div>\n<div class=\"\" data-block=\"true\" data-editor=\"fov3p\" data-offset-key=\"1l0su-0-0\">\n<div class=\"_1mf _1mj\" data-offset-key=\"1l0su-0-0\"><span data-offset-key=\"1l0su-0-0\">\u00a0<\/span><\/div>\n<\/div>\n<div class=\"\" data-block=\"true\" data-editor=\"fov3p\" data-offset-key=\"cekor-0-0\">\n<div class=\"_1mf _1mj\" data-offset-key=\"cekor-0-0\"><span data-offset-key=\"cekor-0-0\">Belediyemiz personeline verilen e\u011fitimde; i\u015f yerlerinde sa\u011fl\u0131kl\u0131 ve g\u00fcvenli bir ortam\u0131 temin etmek, i\u015f kazalar\u0131n\u0131 ve meslek hastal\u0131klar\u0131n\u0131 azaltmak, \u00e7al\u0131\u015fma s\u0131ras\u0131nda, \u00e7al\u0131\u015fanlar\u0131n kar\u015f\u0131 kar\u015f\u0131ya bulunduklar\u0131 mesleki riskler ile bu risklere y\u00f6nelik al\u0131nmas\u0131 gereken tedbirler olmak \u00fczere teknik konular i\u015flendi.<\/span><\/div>\n<div data-offset-key=\"cekor-0-0\"><img loading=\"lazy\" decoding=\"async\" class=\"alignnone wp-image-3104\" src=\"http:\/\/site.zile.bel.tr\/wp-content\/uploads\/2022\/01\/2-300x200.jpg\" alt=\"\" width=\"800\" height=\"533\" srcset=\"https:\/\/site.zile.bel.tr\/wp-content\/uploads\/2022\/01\/2-300x200.jpg 300w, https:\/\/site.zile.bel.tr\/wp-content\/uploads\/2022\/01\/2-768x512.jpg 768w, https:\/\/site.zile.bel.tr\/wp-content\/uploads\/2022\/01\/2.jpg 1024w\" sizes=\"auto, (max-width: 800px) 100vw, 800px\" \/><\/div>\n<\/div>\n<div data-offset-key=\"cekor-0-0\"><img loading=\"lazy\" decoding=\"async\" class=\"alignnone wp-image-3105\" src=\"http:\/\/site.zile.bel.tr\/wp-content\/uploads\/2022\/01\/3-300x200.jpg\" alt=\"\" width=\"800\" height=\"533\" srcset=\"https:\/\/site.zile.bel.tr\/wp-content\/uploads\/2022\/01\/3-300x200.jpg 300w, https:\/\/site.zile.bel.tr\/wp-content\/uploads\/2022\/01\/3-768x512.jpg 768w, https:\/\/site.zile.bel.tr\/wp-content\/uploads\/2022\/01\/3.jpg 1024w\" sizes=\"auto, (max-width: 800px) 100vw, 800px\" \/><\/div>\n","protected":false},"excerpt":{"rendered":"<p>Zile Belediyesi ve Zile Halk E\u011fitim Merkezi M\u00fcd\u00fcrl\u00fc\u011f\u00fc i\u015fbirli\u011fi ile belediye personellerine \u0130\u015f Sa\u011fl\u0131\u011f\u0131 ve G\u00fcvenli\u011fi konulu e\u011fitim \u00e7al\u0131\u015fmas\u0131 yap\u0131ld\u0131. \u00a0 Belediyemiz personeline verilen e\u011fitimde; i\u015f yerlerinde sa\u011fl\u0131kl\u0131 ve g\u00fcvenli bir ortam\u0131 temin etmek, i\u015f kazalar\u0131n\u0131 ve meslek hastal\u0131klar\u0131n\u0131 azaltmak, \u00e7al\u0131\u015fma s\u0131ras\u0131nda, \u00e7al\u0131\u015fanlar\u0131n kar\u015f\u0131 kar\u015f\u0131ya bulunduklar\u0131 mesleki riskler ile bu risklere y\u00f6nelik al\u0131nmas\u0131 gereken tedbirler [&hellip;]<\/p>\n","protected":false},"author":1,"featured_media":3103,"comment_status":"open","ping_status":"open","sticky":false,"template":"","format":"standard","meta":{"footnotes":""},"categories":[11],"tags":[],"class_list":["post-3102","post","type-post","status-publish","format-standard","has-post-thumbnail","hentry","category-haberler"],"_links":{"self":[{"href":"https:\/\/site.zile.bel.tr\/index.php\/wp-json\/wp\/v2\/posts\/3102","targetHints":{"allow":["GET"]}}],"collection":[{"href":"https:\/\/site.zile.bel.tr\/index.php\/wp-json\/wp\/v2\/posts"}],"about":[{"href":"https:\/\/site.zile.bel.tr\/index.php\/wp-json\/wp\/v2\/types\/post"}],"author":[{"embeddable":true,"href":"https:\/\/site.zile.bel.tr\/index.php\/wp-json\/wp\/v2\/users\/1"}],"replies":[{"embeddable":true,"href":"https:\/\/site.zile.bel.tr\/index.php\/wp-json\/wp\/v2\/comments?post=3102"}],"version-history":[{"count":1,"href":"https:\/\/site.zile.bel.tr\/index.php\/wp-json\/wp\/v2\/posts\/3102\/revisions"}],"predecessor-version":[{"id":3106,"href":"https:\/\/site.zile.bel.tr\/index.php\/wp-json\/wp\/v2\/posts\/3102\/revisions\/3106"}],"wp:featuredmedia":[{"embeddable":true,"href":"https:\/\/site.zile.bel.tr\/index.php\/wp-json\/wp\/v2\/media\/3103"}],"wp:attachment":[{"href":"https:\/\/site.zile.bel.tr\/index.php\/wp-json\/wp\/v2\/media?parent=3102"}],"wp:term":[{"taxonomy":"category","embeddable":true,"href":"https:\/\/site.zile.bel.tr\/index.php\/wp-json\/wp\/v2\/categories?post=3102"},{"taxonomy":"post_tag","embeddable":true,"href":"https:\/\/site.zile.bel.tr\/index.php\/wp-json\/wp\/v2\/tags?post=3102"}],"curies":[{"name":"wp","href":"https:\/\/api.w.org\/{rel}","templated":true}]}}