{"id":3328,"date":"2022-03-26T17:51:40","date_gmt":"2022-03-26T14:51:40","guid":{"rendered":"http:\/\/site.zile.bel.tr\/?p=3328"},"modified":"2022-03-28T17:55:55","modified_gmt":"2022-03-28T14:55:55","slug":"zile-belediyesi-park-bahceler-ve-mezarliklar-mudurlugu-agac-budama-calismalarina-devam-ediyor","status":"publish","type":"post","link":"https:\/\/site.zile.bel.tr\/index.php\/2022\/03\/26\/zile-belediyesi-park-bahceler-ve-mezarliklar-mudurlugu-agac-budama-calismalarina-devam-ediyor\/","title":{"rendered":"Zile Belediyesi Park Bah\u00e7eler ve Mezarl\u0131klar M\u00fcd\u00fcrl\u00fc\u011f\u00fc A\u011fa\u00e7 Budama \u00c7al\u0131\u015fmalar\u0131na Devam Ediyor"},"content":{"rendered":"<div dir=\"auto\">Zile Belediyesi Park Bah\u00e7eler ve Mezarl\u0131klar M\u00fcd\u00fcrl\u00fc\u011f\u00fc a\u011fa\u00e7 budama \u00e7al\u0131\u015fmalar\u0131na devam ediyor.<\/div>\n<div dir=\"auto\">Park Bah\u00e7eler ve Mezarl\u0131klar M\u00fcd\u00fcrl\u00fc\u011f\u00fc\u2019ne ba\u011fl\u0131 ekiplerimiz zab\u0131talar\u0131m\u0131z\u0131n mahalle taramalar\u0131 sonucunda belirlenen kurumsal ve vatanda\u015flar\u0131m\u0131za ait parseller d\u0131\u015f\u0131na ta\u015fma yapan, yol ile yaya ge\u00e7i\u015f alanlar\u0131na tehlike arz edecek \u015fekilde uzayan a\u011fa\u00e7lar\u0131m\u0131z\u0131n mevsimsel budamalar\u0131n\u0131 yap\u0131yor.<\/div>\n<div dir=\"auto\"><img loading=\"lazy\" decoding=\"async\" class=\"alignnone wp-image-3329\" src=\"http:\/\/site.zile.bel.tr\/wp-content\/uploads\/2022\/03\/277300825_528481691978164_8242304080040209937_n.jpg\" alt=\"\" width=\"800\" height=\"533\" srcset=\"https:\/\/site.zile.bel.tr\/wp-content\/uploads\/2022\/03\/277300825_528481691978164_8242304080040209937_n.jpg 960w, https:\/\/site.zile.bel.tr\/wp-content\/uploads\/2022\/03\/277300825_528481691978164_8242304080040209937_n-300x200.jpg 300w, https:\/\/site.zile.bel.tr\/wp-content\/uploads\/2022\/03\/277300825_528481691978164_8242304080040209937_n-768x511.jpg 768w\" sizes=\"auto, (max-width: 800px) 100vw, 800px\" \/><\/div>\n<div dir=\"auto\">\n\n\t\t<style type=\"text\/css\">\n\t\t\t#gallery-1 {\n\t\t\t\tmargin: auto;\n\t\t\t}\n\t\t\t#gallery-1 .gallery-item {\n\t\t\t\tfloat: left;\n\t\t\t\tmargin-top: 10px;\n\t\t\t\ttext-align: center;\n\t\t\t\twidth: 33%;\n\t\t\t}\n\t\t\t#gallery-1 img {\n\t\t\t\tborder: 2px solid #cfcfcf;\n\t\t\t}\n\t\t\t#gallery-1 .gallery-caption {\n\t\t\t\tmargin-left: 0;\n\t\t\t}\n\t\t\t\/* see gallery_shortcode() in wp-includes\/media.php *\/\n\t\t<\/style>\n\t\t<div id='gallery-1' class='gallery galleryid-3328 gallery-columns-3 gallery-size-thumbnail'><dl class='gallery-item'>\n\t\t\t<dt class='gallery-icon landscape'>\n\t\t\t\t<a href='https:\/\/site.zile.bel.tr\/wp-content\/uploads\/2022\/03\/276235816_528482068644793_723011808805455013_n.jpg'><img loading=\"lazy\" decoding=\"async\" width=\"150\" height=\"150\" src=\"https:\/\/site.zile.bel.tr\/wp-content\/uploads\/2022\/03\/276235816_528482068644793_723011808805455013_n-150x150.jpg\" class=\"attachment-thumbnail size-thumbnail\" alt=\"\" \/><\/a>\n\t\t\t<\/dt><\/dl><dl class='gallery-item'>\n\t\t\t<dt class='gallery-icon landscape'>\n\t\t\t\t<a href='https:\/\/site.zile.bel.tr\/wp-content\/uploads\/2022\/03\/277220133_528481801978153_8602963125082878952_n.jpg'><img loading=\"lazy\" decoding=\"async\" width=\"150\" height=\"150\" src=\"https:\/\/site.zile.bel.tr\/wp-content\/uploads\/2022\/03\/277220133_528481801978153_8602963125082878952_n-150x150.jpg\" class=\"attachment-thumbnail size-thumbnail\" alt=\"\" \/><\/a>\n\t\t\t<\/dt><\/dl>\n\t\t\t<br style='clear: both' \/>\n\t\t<\/div>\n\n<\/div>\n","protected":false},"excerpt":{"rendered":"<p>Zile Belediyesi Park Bah\u00e7eler ve Mezarl\u0131klar M\u00fcd\u00fcrl\u00fc\u011f\u00fc a\u011fa\u00e7 budama \u00e7al\u0131\u015fmalar\u0131na devam ediyor. Park Bah\u00e7eler ve Mezarl\u0131klar M\u00fcd\u00fcrl\u00fc\u011f\u00fc\u2019ne ba\u011fl\u0131 ekiplerimiz zab\u0131talar\u0131m\u0131z\u0131n mahalle taramalar\u0131 sonucunda belirlenen kurumsal ve vatanda\u015flar\u0131m\u0131za ait parseller d\u0131\u015f\u0131na ta\u015fma yapan, yol ile yaya ge\u00e7i\u015f alanlar\u0131na tehlike arz edecek \u015fekilde uzayan a\u011fa\u00e7lar\u0131m\u0131z\u0131n mevsimsel budamalar\u0131n\u0131 yap\u0131yor.<\/p>\n","protected":false},"author":1,"featured_media":3329,"comment_status":"open","ping_status":"open","sticky":false,"template":"","format":"standard","meta":{"footnotes":""},"categories":[11],"tags":[],"class_list":["post-3328","post","type-post","status-publish","format-standard","has-post-thumbnail","hentry","category-haberler"],"_links":{"self":[{"href":"https:\/\/site.zile.bel.tr\/index.php\/wp-json\/wp\/v2\/posts\/3328","targetHints":{"allow":["GET"]}}],"collection":[{"href":"https:\/\/site.zile.bel.tr\/index.php\/wp-json\/wp\/v2\/posts"}],"about":[{"href":"https:\/\/site.zile.bel.tr\/index.php\/wp-json\/wp\/v2\/types\/post"}],"author":[{"embeddable":true,"href":"https:\/\/site.zile.bel.tr\/index.php\/wp-json\/wp\/v2\/users\/1"}],"replies":[{"embeddable":true,"href":"https:\/\/site.zile.bel.tr\/index.php\/wp-json\/wp\/v2\/comments?post=3328"}],"version-history":[{"count":1,"href":"https:\/\/site.zile.bel.tr\/index.php\/wp-json\/wp\/v2\/posts\/3328\/revisions"}],"predecessor-version":[{"id":3332,"href":"https:\/\/site.zile.bel.tr\/index.php\/wp-json\/wp\/v2\/posts\/3328\/revisions\/3332"}],"wp:featuredmedia":[{"embeddable":true,"href":"https:\/\/site.zile.bel.tr\/index.php\/wp-json\/wp\/v2\/media\/3329"}],"wp:attachment":[{"href":"https:\/\/site.zile.bel.tr\/index.php\/wp-json\/wp\/v2\/media?parent=3328"}],"wp:term":[{"taxonomy":"category","embeddable":true,"href":"https:\/\/site.zile.bel.tr\/index.php\/wp-json\/wp\/v2\/categories?post=3328"},{"taxonomy":"post_tag","embeddable":true,"href":"https:\/\/site.zile.bel.tr\/index.php\/wp-json\/wp\/v2\/tags?post=3328"}],"curies":[{"name":"wp","href":"https:\/\/api.w.org\/{rel}","templated":true}]}}