{"id":3922,"date":"2022-06-25T17:33:26","date_gmt":"2022-06-25T14:33:26","guid":{"rendered":"https:\/\/site.zile.bel.tr\/?p=3922"},"modified":"2022-06-25T17:33:26","modified_gmt":"2022-06-25T14:33:26","slug":"zileye-bir-park-daha-dincerler-parkinin-acilisi-yapildi","status":"publish","type":"post","link":"https:\/\/site.zile.bel.tr\/index.php\/2022\/06\/25\/zileye-bir-park-daha-dincerler-parkinin-acilisi-yapildi\/","title":{"rendered":"Zile\u2019ye bir park daha: Din\u00e7erler Park\u0131\u2019n\u0131n a\u00e7\u0131l\u0131\u015f\u0131 yap\u0131ld\u0131"},"content":{"rendered":"<p>Zile\u2019ye bir park daha: Din\u00e7erler Park\u0131\u2019n\u0131n a\u00e7\u0131l\u0131\u015f\u0131 yap\u0131ld\u0131<\/p>\n<p><img loading=\"lazy\" decoding=\"async\" class=\"alignnone wp-image-3923\" src=\"http:\/\/site.zile.bel.tr\/wp-content\/uploads\/2022\/06\/3-1-300x200.jpg\" alt=\"\" width=\"800\" height=\"533\" srcset=\"https:\/\/site.zile.bel.tr\/wp-content\/uploads\/2022\/06\/3-1-300x200.jpg 300w, https:\/\/site.zile.bel.tr\/wp-content\/uploads\/2022\/06\/3-1-768x512.jpg 768w, https:\/\/site.zile.bel.tr\/wp-content\/uploads\/2022\/06\/3-1.jpg 1024w\" sizes=\"auto, (max-width: 800px) 100vw, 800px\" \/><\/p>\n<p>Zileli i\u015fadam\u0131 Cemalettin ve \u015eerafettin Din\u00e7erler taraf\u0131ndan Zile Belediyesi ile i\u015fbirli\u011fi i\u00e7erisinde yap\u0131m\u0131 tamamlanan Din\u00e7erler Park\u0131\u2019n\u0131n a\u00e7\u0131l\u0131\u015f\u0131 d\u00fczenlenen t\u00f6renle yap\u0131ld\u0131.<br \/>\nA\u00e7\u0131l\u0131\u015f konu\u015fmas\u0131n\u0131 yapan Zile Belediye Ba\u015fkan\u0131 \u015e\u00fckr\u00fc Sarg\u0131n, Zile\u2019ye kazand\u0131rd\u0131klar\u0131 say\u0131s\u0131z ve \u00f6nemli eserlerden dolay\u0131 her il\u00e7ede bir Din\u00e7erler Ailesinin olmas\u0131 gerekti\u011fini s\u00f6yledi. Ba\u015fkan Sarg\u0131n Din\u00e7ler Ailesinin Tokat\u2019ta hizmet ede ve en fazla hay\u0131r i\u015fi yapan aile doldu\u011funu belirterek, \u201cDuyarl\u0131l\u0131klar\u0131 dolay\u0131s\u0131yla te\u015fekk\u00fcr ederim. Onlar\u0131n bu hay\u0131rsever tutumlar\u0131 di\u011fer hem\u015ferilerimize de \u00f6rnek olur\u201d dedi.<\/p>\n<p><img loading=\"lazy\" decoding=\"async\" class=\"alignnone wp-image-3924\" src=\"http:\/\/site.zile.bel.tr\/wp-content\/uploads\/2022\/06\/1-1-300x200.jpg\" alt=\"\" width=\"800\" height=\"533\" srcset=\"https:\/\/site.zile.bel.tr\/wp-content\/uploads\/2022\/06\/1-1-300x200.jpg 300w, https:\/\/site.zile.bel.tr\/wp-content\/uploads\/2022\/06\/1-1-768x512.jpg 768w, https:\/\/site.zile.bel.tr\/wp-content\/uploads\/2022\/06\/1-1.jpg 1024w\" sizes=\"auto, (max-width: 800px) 100vw, 800px\" \/><br \/>\nD\u00fczenlenen t\u00f6rene, CHP \u0130stanbul Milletvekili \u00d6zg\u00fcr Karabat, CHP Samsun Milletvekili Kemal Zeybek, \u0130stanbul B\u00fcy\u00fck\u015fehir \u0130SY\u00d6N y\u00f6netim kurulu ba\u015fkan\u0131 G\u00f6khan G\u00fcnayd\u0131n, CHP Tokat Milletvekili Kadim Durmaz, Zile Belediye Ba\u015fkan\u0131 \u015e\u00fckr\u00fc Sarg\u0131n, Zile \u0130l\u00e7e Milli E\u011fitim M\u00fcd\u00fcr\u00fc Bayram Polattimur, siyasi parti temsilcileri ve yurtta\u015flar kat\u0131ld\u0131.<\/p>\n<p><img loading=\"lazy\" decoding=\"async\" class=\"alignnone wp-image-3925\" src=\"http:\/\/site.zile.bel.tr\/wp-content\/uploads\/2022\/06\/6-1-300x200.jpg\" alt=\"\" width=\"800\" height=\"533\" srcset=\"https:\/\/site.zile.bel.tr\/wp-content\/uploads\/2022\/06\/6-1-300x200.jpg 300w, https:\/\/site.zile.bel.tr\/wp-content\/uploads\/2022\/06\/6-1-768x512.jpg 768w, https:\/\/site.zile.bel.tr\/wp-content\/uploads\/2022\/06\/6-1.jpg 1024w\" sizes=\"auto, (max-width: 800px) 100vw, 800px\" \/><br \/>\n\u0130l\u00e7e Milli E\u011fitim M\u00fcd\u00fcr\u00fc Polattimur, Cemalettin ve \u015eerafettin Din\u00e7erlere te\u015fekk\u00fcr plaketi taktim etti.<\/p>\n\n\t\t<style type=\"text\/css\">\n\t\t\t#gallery-1 {\n\t\t\t\tmargin: auto;\n\t\t\t}\n\t\t\t#gallery-1 .gallery-item {\n\t\t\t\tfloat: left;\n\t\t\t\tmargin-top: 10px;\n\t\t\t\ttext-align: center;\n\t\t\t\twidth: 33%;\n\t\t\t}\n\t\t\t#gallery-1 img {\n\t\t\t\tborder: 2px solid #cfcfcf;\n\t\t\t}\n\t\t\t#gallery-1 .gallery-caption {\n\t\t\t\tmargin-left: 0;\n\t\t\t}\n\t\t\t\/* see gallery_shortcode() in wp-includes\/media.php *\/\n\t\t<\/style>\n\t\t<div id='gallery-1' class='gallery galleryid-3922 gallery-columns-3 gallery-size-thumbnail'><dl class='gallery-item'>\n\t\t\t<dt class='gallery-icon landscape'>\n\t\t\t\t<a href='https:\/\/site.zile.bel.tr\/wp-content\/uploads\/2022\/06\/1-2.jpg'><img loading=\"lazy\" decoding=\"async\" width=\"150\" height=\"150\" src=\"https:\/\/site.zile.bel.tr\/wp-content\/uploads\/2022\/06\/1-2-150x150.jpg\" class=\"attachment-thumbnail size-thumbnail\" alt=\"\" \/><\/a>\n\t\t\t<\/dt><\/dl><dl class='gallery-item'>\n\t\t\t<dt class='gallery-icon landscape'>\n\t\t\t\t<a href='https:\/\/site.zile.bel.tr\/wp-content\/uploads\/2022\/06\/2-1.jpg'><img loading=\"lazy\" decoding=\"async\" width=\"150\" height=\"150\" src=\"https:\/\/site.zile.bel.tr\/wp-content\/uploads\/2022\/06\/2-1-150x150.jpg\" class=\"attachment-thumbnail size-thumbnail\" alt=\"\" \/><\/a>\n\t\t\t<\/dt><\/dl><dl class='gallery-item'>\n\t\t\t<dt class='gallery-icon landscape'>\n\t\t\t\t<a href='https:\/\/site.zile.bel.tr\/wp-content\/uploads\/2022\/06\/3-2.jpg'><img loading=\"lazy\" decoding=\"async\" width=\"150\" height=\"150\" src=\"https:\/\/site.zile.bel.tr\/wp-content\/uploads\/2022\/06\/3-2-150x150.jpg\" class=\"attachment-thumbnail size-thumbnail\" alt=\"\" \/><\/a>\n\t\t\t<\/dt><\/dl><br style=\"clear: both\" \/><dl class='gallery-item'>\n\t\t\t<dt class='gallery-icon landscape'>\n\t\t\t\t<a href='https:\/\/site.zile.bel.tr\/wp-content\/uploads\/2022\/06\/4-1.jpg'><img loading=\"lazy\" decoding=\"async\" width=\"150\" height=\"150\" src=\"https:\/\/site.zile.bel.tr\/wp-content\/uploads\/2022\/06\/4-1-150x150.jpg\" class=\"attachment-thumbnail size-thumbnail\" alt=\"\" \/><\/a>\n\t\t\t<\/dt><\/dl><dl class='gallery-item'>\n\t\t\t<dt class='gallery-icon landscape'>\n\t\t\t\t<a href='https:\/\/site.zile.bel.tr\/wp-content\/uploads\/2022\/06\/5-2.jpg'><img loading=\"lazy\" decoding=\"async\" width=\"150\" height=\"150\" src=\"https:\/\/site.zile.bel.tr\/wp-content\/uploads\/2022\/06\/5-2-150x150.jpg\" class=\"attachment-thumbnail size-thumbnail\" alt=\"\" \/><\/a>\n\t\t\t<\/dt><\/dl><dl class='gallery-item'>\n\t\t\t<dt class='gallery-icon landscape'>\n\t\t\t\t<a href='https:\/\/site.zile.bel.tr\/wp-content\/uploads\/2022\/06\/6-2.jpg'><img loading=\"lazy\" decoding=\"async\" width=\"150\" height=\"150\" src=\"https:\/\/site.zile.bel.tr\/wp-content\/uploads\/2022\/06\/6-2-150x150.jpg\" class=\"attachment-thumbnail size-thumbnail\" alt=\"\" \/><\/a>\n\t\t\t<\/dt><\/dl><br style=\"clear: both\" \/><dl class='gallery-item'>\n\t\t\t<dt class='gallery-icon landscape'>\n\t\t\t\t<a href='https:\/\/site.zile.bel.tr\/wp-content\/uploads\/2022\/06\/7-1.jpg'><img loading=\"lazy\" decoding=\"async\" width=\"150\" height=\"150\" src=\"https:\/\/site.zile.bel.tr\/wp-content\/uploads\/2022\/06\/7-1-150x150.jpg\" class=\"attachment-thumbnail size-thumbnail\" alt=\"\" \/><\/a>\n\t\t\t<\/dt><\/dl><dl class='gallery-item'>\n\t\t\t<dt class='gallery-icon landscape'>\n\t\t\t\t<a href='https:\/\/site.zile.bel.tr\/wp-content\/uploads\/2022\/06\/8-1.jpg'><img loading=\"lazy\" decoding=\"async\" width=\"150\" height=\"150\" src=\"https:\/\/site.zile.bel.tr\/wp-content\/uploads\/2022\/06\/8-1-150x150.jpg\" class=\"attachment-thumbnail size-thumbnail\" alt=\"\" \/><\/a>\n\t\t\t<\/dt><\/dl><dl class='gallery-item'>\n\t\t\t<dt class='gallery-icon landscape'>\n\t\t\t\t<a href='https:\/\/site.zile.bel.tr\/wp-content\/uploads\/2022\/06\/9-2.jpg'><img loading=\"lazy\" decoding=\"async\" width=\"150\" height=\"150\" src=\"https:\/\/site.zile.bel.tr\/wp-content\/uploads\/2022\/06\/9-2-150x150.jpg\" class=\"attachment-thumbnail size-thumbnail\" alt=\"\" \/><\/a>\n\t\t\t<\/dt><\/dl><br style=\"clear: both\" \/>\n\t\t<\/div>\n\n","protected":false},"excerpt":{"rendered":"<p>Zile\u2019ye bir park daha: Din\u00e7erler Park\u0131\u2019n\u0131n a\u00e7\u0131l\u0131\u015f\u0131 yap\u0131ld\u0131 Zileli i\u015fadam\u0131 Cemalettin ve \u015eerafettin Din\u00e7erler taraf\u0131ndan Zile Belediyesi ile i\u015fbirli\u011fi i\u00e7erisinde yap\u0131m\u0131 tamamlanan Din\u00e7erler Park\u0131\u2019n\u0131n a\u00e7\u0131l\u0131\u015f\u0131 d\u00fczenlenen t\u00f6renle yap\u0131ld\u0131. A\u00e7\u0131l\u0131\u015f konu\u015fmas\u0131n\u0131 yapan Zile Belediye Ba\u015fkan\u0131 \u015e\u00fckr\u00fc Sarg\u0131n, Zile\u2019ye kazand\u0131rd\u0131klar\u0131 say\u0131s\u0131z ve \u00f6nemli eserlerden dolay\u0131 her il\u00e7ede bir Din\u00e7erler Ailesinin olmas\u0131 gerekti\u011fini s\u00f6yledi. Ba\u015fkan Sarg\u0131n Din\u00e7ler Ailesinin [&hellip;]<\/p>\n","protected":false},"author":1,"featured_media":3928,"comment_status":"open","ping_status":"open","sticky":false,"template":"","format":"standard","meta":{"footnotes":""},"categories":[11],"tags":[],"class_list":["post-3922","post","type-post","status-publish","format-standard","has-post-thumbnail","hentry","category-haberler"],"_links":{"self":[{"href":"https:\/\/site.zile.bel.tr\/index.php\/wp-json\/wp\/v2\/posts\/3922","targetHints":{"allow":["GET"]}}],"collection":[{"href":"https:\/\/site.zile.bel.tr\/index.php\/wp-json\/wp\/v2\/posts"}],"about":[{"href":"https:\/\/site.zile.bel.tr\/index.php\/wp-json\/wp\/v2\/types\/post"}],"author":[{"embeddable":true,"href":"https:\/\/site.zile.bel.tr\/index.php\/wp-json\/wp\/v2\/users\/1"}],"replies":[{"embeddable":true,"href":"https:\/\/site.zile.bel.tr\/index.php\/wp-json\/wp\/v2\/comments?post=3922"}],"version-history":[{"count":1,"href":"https:\/\/site.zile.bel.tr\/index.php\/wp-json\/wp\/v2\/posts\/3922\/revisions"}],"predecessor-version":[{"id":3935,"href":"https:\/\/site.zile.bel.tr\/index.php\/wp-json\/wp\/v2\/posts\/3922\/revisions\/3935"}],"wp:featuredmedia":[{"embeddable":true,"href":"https:\/\/site.zile.bel.tr\/index.php\/wp-json\/wp\/v2\/media\/3928"}],"wp:attachment":[{"href":"https:\/\/site.zile.bel.tr\/index.php\/wp-json\/wp\/v2\/media?parent=3922"}],"wp:term":[{"taxonomy":"category","embeddable":true,"href":"https:\/\/site.zile.bel.tr\/index.php\/wp-json\/wp\/v2\/categories?post=3922"},{"taxonomy":"post_tag","embeddable":true,"href":"https:\/\/site.zile.bel.tr\/index.php\/wp-json\/wp\/v2\/tags?post=3922"}],"curies":[{"name":"wp","href":"https:\/\/api.w.org\/{rel}","templated":true}]}}