{"id":3936,"date":"2022-06-24T16:34:15","date_gmt":"2022-06-24T13:34:15","guid":{"rendered":"https:\/\/site.zile.bel.tr\/?p=3936"},"modified":"2022-06-28T16:29:00","modified_gmt":"2022-06-28T13:29:00","slug":"zilede-toprak-dede-hayrettin-karaca-parki-ve-bisiklet-yolu-acildi","status":"publish","type":"post","link":"https:\/\/site.zile.bel.tr\/index.php\/2022\/06\/24\/zilede-toprak-dede-hayrettin-karaca-parki-ve-bisiklet-yolu-acildi\/","title":{"rendered":"Zile\u2019de &#8216;Toprak Dede Hayrettin Karaca Park\u0131&#8217; ve Bisiklet Yolu A\u00e7\u0131ld\u0131"},"content":{"rendered":"<p>Zile\u2019de &#8216;Toprak Dede Hayrettin Karaca Park\u0131&#8217; ve Bisiklet Yolu A\u00e7\u0131ld\u0131<\/p>\n<p><img loading=\"lazy\" decoding=\"async\" class=\"alignnone wp-image-3937\" src=\"http:\/\/site.zile.bel.tr\/wp-content\/uploads\/2022\/06\/1-3-300x200.jpg\" alt=\"\" width=\"800\" height=\"533\" srcset=\"https:\/\/site.zile.bel.tr\/wp-content\/uploads\/2022\/06\/1-3-300x200.jpg 300w, https:\/\/site.zile.bel.tr\/wp-content\/uploads\/2022\/06\/1-3-768x512.jpg 768w, https:\/\/site.zile.bel.tr\/wp-content\/uploads\/2022\/06\/1-3.jpg 1024w\" sizes=\"auto, (max-width: 800px) 100vw, 800px\" \/><\/p>\n<p>&nbsp;<\/p>\n<p>Tokat\u2019\u0131n Zile \u0130l\u00e7esi\u2019nde yapt\u0131r\u0131lan parka, TEMA Vakf\u0131&#8217;n\u0131n kurucusu ve onursal ba\u015fkan\u0131 Hayrettin Karaca&#8217;n\u0131n ad\u0131 verildi.<\/p>\n<p><img loading=\"lazy\" decoding=\"async\" class=\"alignnone wp-image-3938\" src=\"http:\/\/site.zile.bel.tr\/wp-content\/uploads\/2022\/06\/8-2-300x200.jpg\" alt=\"\" width=\"800\" height=\"533\" srcset=\"https:\/\/site.zile.bel.tr\/wp-content\/uploads\/2022\/06\/8-2-300x200.jpg 300w, https:\/\/site.zile.bel.tr\/wp-content\/uploads\/2022\/06\/8-2-768x512.jpg 768w, https:\/\/site.zile.bel.tr\/wp-content\/uploads\/2022\/06\/8-2.jpg 1024w\" sizes=\"auto, (max-width: 800px) 100vw, 800px\" \/><br \/>\n&#8216;Toprak Dede Hayrettin Karaca Park\u0131&#8217; n\u0131n a\u00e7\u0131l\u0131\u015f\u0131, 3 km uzunlu\u011funda yap\u0131lan bisiklet yolunun a\u00e7\u0131l\u0131\u015f t\u00f6reniyle birlikte ger\u00e7ekle\u015ftirildi.<br \/>\nTema Genel M\u00fcd\u00fcr\u00fc Ba\u015fak Yalva\u00e7 \u00d6z\u00e7a\u011fda\u015f, park\u0131n yap\u0131m\u0131nda katk\u0131lar\u0131ndan dolay\u0131 Zile Belediye Ba\u015fkan\u0131 \u015e\u00fckr\u00fc Sarg\u0131n\u2019a te\u015fekk\u00fcr plaketi takdim etti.<\/p>\n<p><img loading=\"lazy\" decoding=\"async\" class=\"alignnone wp-image-3939\" src=\"http:\/\/site.zile.bel.tr\/wp-content\/uploads\/2022\/06\/3-3-300x200.jpg\" alt=\"\" width=\"800\" height=\"533\" srcset=\"https:\/\/site.zile.bel.tr\/wp-content\/uploads\/2022\/06\/3-3-300x200.jpg 300w, https:\/\/site.zile.bel.tr\/wp-content\/uploads\/2022\/06\/3-3-768x512.jpg 768w, https:\/\/site.zile.bel.tr\/wp-content\/uploads\/2022\/06\/3-3.jpg 1024w\" sizes=\"auto, (max-width: 800px) 100vw, 800px\" \/><br \/>\nA\u00e7\u0131l\u0131\u015fta konu\u015fma yapan Zile Belediye Ba\u015fkan\u0131 \u015e\u00fckr\u00fc Sarg\u0131n, Tema Vakf\u0131 kurucusu Hayrettin Karaca\u2019n\u0131n Zile yapt\u0131klar\u0131 parka ad\u0131n\u0131 vermekten mutluluk duydu\u011funu belirterek, \u201c2019 y\u0131l\u0131nda g\u00f6reve geldikten sonra il\u00e7emize 10 bin fidan kazand\u0131rd\u0131k. Tokat\u2019ta s\u0131f\u0131r at\u0131k belgesi olan tek belediyeyiz. Tema taraf\u0131ndan bu park\u0131n yap\u0131lmas\u0131 talebi gelince hemen meclis karar\u0131 alarak i\u015flemlere ba\u015flad\u0131k. Tema Vakf\u0131\u2019n\u0131n ismini bu t\u00fcr projelerle ya\u015fatmak zorunday\u0131z\u201d dedi.<\/p>\n<p><img loading=\"lazy\" decoding=\"async\" class=\"alignnone wp-image-3940\" src=\"http:\/\/site.zile.bel.tr\/wp-content\/uploads\/2022\/06\/11-1-300x200.jpg\" alt=\"\" width=\"800\" height=\"533\" srcset=\"https:\/\/site.zile.bel.tr\/wp-content\/uploads\/2022\/06\/11-1-300x200.jpg 300w, https:\/\/site.zile.bel.tr\/wp-content\/uploads\/2022\/06\/11-1-768x512.jpg 768w, https:\/\/site.zile.bel.tr\/wp-content\/uploads\/2022\/06\/11-1.jpg 1024w\" sizes=\"auto, (max-width: 800px) 100vw, 800px\" \/><br \/>\nBa\u015fkan Sarg\u0131n ayr\u0131ca, sa\u011fl\u0131kl\u0131 ya\u015fam\u0131 ve bisikletle ula\u015f\u0131m\u0131 \u00f6zendirmek amac\u0131yla olu\u015fturulan 3 km uzunlu\u011funda bisiklet yolunun da a\u00e7\u0131l\u0131\u015f\u0131n\u0131 ger\u00e7ekle\u015ftireceklerini s\u00f6yleyerek konu\u015fmas\u0131n\u0131 \u015f\u00f6yle s\u00fcrd\u00fcrd\u00fc.<br \/>\n\u201cAmac\u0131m\u0131z ula\u015f\u0131mda bisiklet kullan\u0131m\u0131na vatanda\u015flar\u0131m\u0131z\u0131 al\u0131\u015ft\u0131rmak ve sa\u011fl\u0131kl\u0131 ya\u015fam ko\u015fullar\u0131 sa\u011flamak i\u00e7in, bisiklet kullan\u0131m\u0131na uygun \u015fartlar\u0131 sa\u011flamak. Zile\u2019mizde 2015 y\u0131l\u0131ndan g\u00fcn\u00fcm\u00fcze yap\u0131lmayan Geleneksel Kiraz Festivali\u2019nin de a\u00e7\u0131l\u0131\u015f\u0131n\u0131 ak\u015fam yapaca\u011f\u0131m\u0131z konserle ger\u00e7ekle\u015ftirece\u011fiz. Tokat genelinde Toprak Dede Hayrettin Karaca ad\u0131na ilk park\u0131n a\u00e7\u0131l\u0131\u015f\u0131n\u0131 ger\u00e7ekle\u015ftirmenin mutlulu\u011funu ya\u015f\u0131yoruz. T\u00fcm kat\u0131l\u0131mc\u0131lara te\u015fekk\u00fcr ederim.\u201d<br \/>\nD\u00fczenlenen t\u00f6rene, CHP \u0130zmir Milletvekili Murat Bakan, CHP Tokat Milletvekili Kadim Durmaz, Zile Belediye Ba\u015fkan\u0131 \u015e\u00fckr\u00fc Sarg\u0131n, Tema Vakf\u0131 Genel M\u00fcd\u00fcr\u00fc Ba\u015fak Yalva\u00e7 \u00d6z\u00e7a\u011fda\u015f, Avc\u0131lar Belediye Ba\u015fkan\u0131 Turan Han\u00e7erli, sinema yap\u0131mc\u0131s\u0131 Mustafa Uslu, MasterChef T\u00fcrkiye birincisi Eren Ka\u015f\u0131k\u00e7\u0131, siyasi parti temsilcileri ve vatanda\u015flar kat\u0131l\u0131m sa\u011flad\u0131.<\/p>\n<p><img loading=\"lazy\" decoding=\"async\" class=\"alignnone wp-image-3941 size-full\" src=\"http:\/\/site.zile.bel.tr\/wp-content\/uploads\/2022\/06\/4-2.jpg\" alt=\"\" width=\"682\" height=\"1024\" srcset=\"https:\/\/site.zile.bel.tr\/wp-content\/uploads\/2022\/06\/4-2.jpg 682w, https:\/\/site.zile.bel.tr\/wp-content\/uploads\/2022\/06\/4-2-200x300.jpg 200w\" sizes=\"auto, (max-width: 682px) 100vw, 682px\" \/><br \/>\nA\u00e7\u0131l\u0131\u015f sonras\u0131 t\u00fcm kat\u0131l\u0131mc\u0131larla parka fidan dikimi ger\u00e7ekle\u015ftirildi. 3 km uzunlu\u011funda yap\u0131lan bisiklet yolunun a\u00e7\u0131l\u0131\u015f\u0131 ile t\u00f6ren tamamland\u0131.<br \/>\n<iframe loading=\"lazy\" title=\"YouTube video player\" src=\"https:\/\/www.youtube.com\/embed\/3JSE-zADFjA\" width=\"800\" height=\"415\" frameborder=\"0\" allowfullscreen=\"allowfullscreen\"><span data-mce-type=\"bookmark\" style=\"display: inline-block; width: 0px; overflow: hidden; line-height: 0;\" class=\"mce_SELRES_start\">\ufeff<\/span><\/iframe><\/p>\n\n\t\t<style type=\"text\/css\">\n\t\t\t#gallery-1 {\n\t\t\t\tmargin: auto;\n\t\t\t}\n\t\t\t#gallery-1 .gallery-item {\n\t\t\t\tfloat: left;\n\t\t\t\tmargin-top: 10px;\n\t\t\t\ttext-align: center;\n\t\t\t\twidth: 33%;\n\t\t\t}\n\t\t\t#gallery-1 img {\n\t\t\t\tborder: 2px solid #cfcfcf;\n\t\t\t}\n\t\t\t#gallery-1 .gallery-caption {\n\t\t\t\tmargin-left: 0;\n\t\t\t}\n\t\t\t\/* see gallery_shortcode() in wp-includes\/media.php *\/\n\t\t<\/style>\n\t\t<div id='gallery-1' class='gallery galleryid-3936 gallery-columns-3 gallery-size-thumbnail'><dl class='gallery-item'>\n\t\t\t<dt class='gallery-icon landscape'>\n\t\t\t\t<a href='https:\/\/site.zile.bel.tr\/wp-content\/uploads\/2022\/06\/1-4.jpg'><img loading=\"lazy\" decoding=\"async\" width=\"150\" height=\"150\" src=\"https:\/\/site.zile.bel.tr\/wp-content\/uploads\/2022\/06\/1-4-150x150.jpg\" class=\"attachment-thumbnail size-thumbnail\" alt=\"\" \/><\/a>\n\t\t\t<\/dt><\/dl><dl class='gallery-item'>\n\t\t\t<dt class='gallery-icon landscape'>\n\t\t\t\t<a href='https:\/\/site.zile.bel.tr\/wp-content\/uploads\/2022\/06\/2-2.jpg'><img loading=\"lazy\" decoding=\"async\" width=\"150\" height=\"150\" src=\"https:\/\/site.zile.bel.tr\/wp-content\/uploads\/2022\/06\/2-2-150x150.jpg\" class=\"attachment-thumbnail size-thumbnail\" alt=\"\" \/><\/a>\n\t\t\t<\/dt><\/dl><dl class='gallery-item'>\n\t\t\t<dt class='gallery-icon landscape'>\n\t\t\t\t<a href='https:\/\/site.zile.bel.tr\/wp-content\/uploads\/2022\/06\/3-4.jpg'><img loading=\"lazy\" decoding=\"async\" width=\"150\" height=\"150\" src=\"https:\/\/site.zile.bel.tr\/wp-content\/uploads\/2022\/06\/3-4-150x150.jpg\" class=\"attachment-thumbnail size-thumbnail\" alt=\"\" \/><\/a>\n\t\t\t<\/dt><\/dl><br style=\"clear: both\" \/><dl class='gallery-item'>\n\t\t\t<dt class='gallery-icon portrait'>\n\t\t\t\t<a href='https:\/\/site.zile.bel.tr\/wp-content\/uploads\/2022\/06\/4-3.jpg'><img loading=\"lazy\" decoding=\"async\" width=\"150\" height=\"150\" src=\"https:\/\/site.zile.bel.tr\/wp-content\/uploads\/2022\/06\/4-3-150x150.jpg\" class=\"attachment-thumbnail size-thumbnail\" alt=\"\" \/><\/a>\n\t\t\t<\/dt><\/dl><dl class='gallery-item'>\n\t\t\t<dt class='gallery-icon landscape'>\n\t\t\t\t<a href='https:\/\/site.zile.bel.tr\/wp-content\/uploads\/2022\/06\/5-3.jpg'><img loading=\"lazy\" decoding=\"async\" width=\"150\" height=\"150\" src=\"https:\/\/site.zile.bel.tr\/wp-content\/uploads\/2022\/06\/5-3-150x150.jpg\" class=\"attachment-thumbnail size-thumbnail\" alt=\"\" \/><\/a>\n\t\t\t<\/dt><\/dl><dl class='gallery-item'>\n\t\t\t<dt class='gallery-icon landscape'>\n\t\t\t\t<a href='https:\/\/site.zile.bel.tr\/wp-content\/uploads\/2022\/06\/6-3.jpg'><img loading=\"lazy\" decoding=\"async\" width=\"150\" height=\"150\" src=\"https:\/\/site.zile.bel.tr\/wp-content\/uploads\/2022\/06\/6-3-150x150.jpg\" class=\"attachment-thumbnail size-thumbnail\" alt=\"\" \/><\/a>\n\t\t\t<\/dt><\/dl><br style=\"clear: both\" \/><dl class='gallery-item'>\n\t\t\t<dt class='gallery-icon landscape'>\n\t\t\t\t<a href='https:\/\/site.zile.bel.tr\/wp-content\/uploads\/2022\/06\/7-2.jpg'><img loading=\"lazy\" decoding=\"async\" width=\"150\" height=\"150\" src=\"https:\/\/site.zile.bel.tr\/wp-content\/uploads\/2022\/06\/7-2-150x150.jpg\" class=\"attachment-thumbnail size-thumbnail\" alt=\"\" \/><\/a>\n\t\t\t<\/dt><\/dl><dl class='gallery-item'>\n\t\t\t<dt class='gallery-icon landscape'>\n\t\t\t\t<a href='https:\/\/site.zile.bel.tr\/wp-content\/uploads\/2022\/06\/8-3.jpg'><img loading=\"lazy\" decoding=\"async\" width=\"150\" height=\"150\" src=\"https:\/\/site.zile.bel.tr\/wp-content\/uploads\/2022\/06\/8-3-150x150.jpg\" class=\"attachment-thumbnail size-thumbnail\" alt=\"\" \/><\/a>\n\t\t\t<\/dt><\/dl><dl class='gallery-item'>\n\t\t\t<dt class='gallery-icon landscape'>\n\t\t\t\t<a href='https:\/\/site.zile.bel.tr\/wp-content\/uploads\/2022\/06\/9-3.jpg'><img loading=\"lazy\" decoding=\"async\" width=\"150\" height=\"150\" src=\"https:\/\/site.zile.bel.tr\/wp-content\/uploads\/2022\/06\/9-3-150x150.jpg\" class=\"attachment-thumbnail size-thumbnail\" alt=\"\" \/><\/a>\n\t\t\t<\/dt><\/dl><br style=\"clear: both\" \/><dl class='gallery-item'>\n\t\t\t<dt class='gallery-icon landscape'>\n\t\t\t\t<a href='https:\/\/site.zile.bel.tr\/wp-content\/uploads\/2022\/06\/10-1.jpg'><img loading=\"lazy\" decoding=\"async\" width=\"150\" height=\"150\" src=\"https:\/\/site.zile.bel.tr\/wp-content\/uploads\/2022\/06\/10-1-150x150.jpg\" class=\"attachment-thumbnail size-thumbnail\" alt=\"\" \/><\/a>\n\t\t\t<\/dt><\/dl><dl class='gallery-item'>\n\t\t\t<dt class='gallery-icon landscape'>\n\t\t\t\t<a href='https:\/\/site.zile.bel.tr\/wp-content\/uploads\/2022\/06\/11-2.jpg'><img loading=\"lazy\" decoding=\"async\" width=\"150\" height=\"150\" src=\"https:\/\/site.zile.bel.tr\/wp-content\/uploads\/2022\/06\/11-2-150x150.jpg\" class=\"attachment-thumbnail size-thumbnail\" alt=\"\" \/><\/a>\n\t\t\t<\/dt><\/dl>\n\t\t\t<br style='clear: both' \/>\n\t\t<\/div>\n\n","protected":false},"excerpt":{"rendered":"<p>Zile\u2019de &#8216;Toprak Dede Hayrettin Karaca Park\u0131&#8217; ve Bisiklet Yolu A\u00e7\u0131ld\u0131 &nbsp; Tokat\u2019\u0131n Zile \u0130l\u00e7esi\u2019nde yapt\u0131r\u0131lan parka, TEMA Vakf\u0131&#8217;n\u0131n kurucusu ve onursal ba\u015fkan\u0131 Hayrettin Karaca&#8217;n\u0131n ad\u0131 verildi. &#8216;Toprak Dede Hayrettin Karaca Park\u0131&#8217; n\u0131n a\u00e7\u0131l\u0131\u015f\u0131, 3 km uzunlu\u011funda yap\u0131lan bisiklet yolunun a\u00e7\u0131l\u0131\u015f t\u00f6reniyle birlikte ger\u00e7ekle\u015ftirildi. Tema Genel M\u00fcd\u00fcr\u00fc Ba\u015fak Yalva\u00e7 \u00d6z\u00e7a\u011fda\u015f, park\u0131n yap\u0131m\u0131nda katk\u0131lar\u0131ndan dolay\u0131 Zile Belediye [&hellip;]<\/p>\n","protected":false},"author":1,"featured_media":3939,"comment_status":"open","ping_status":"open","sticky":false,"template":"","format":"standard","meta":{"footnotes":""},"categories":[11],"tags":[],"class_list":["post-3936","post","type-post","status-publish","format-standard","has-post-thumbnail","hentry","category-haberler"],"_links":{"self":[{"href":"https:\/\/site.zile.bel.tr\/index.php\/wp-json\/wp\/v2\/posts\/3936","targetHints":{"allow":["GET"]}}],"collection":[{"href":"https:\/\/site.zile.bel.tr\/index.php\/wp-json\/wp\/v2\/posts"}],"about":[{"href":"https:\/\/site.zile.bel.tr\/index.php\/wp-json\/wp\/v2\/types\/post"}],"author":[{"embeddable":true,"href":"https:\/\/site.zile.bel.tr\/index.php\/wp-json\/wp\/v2\/users\/1"}],"replies":[{"embeddable":true,"href":"https:\/\/site.zile.bel.tr\/index.php\/wp-json\/wp\/v2\/comments?post=3936"}],"version-history":[{"count":2,"href":"https:\/\/site.zile.bel.tr\/index.php\/wp-json\/wp\/v2\/posts\/3936\/revisions"}],"predecessor-version":[{"id":4048,"href":"https:\/\/site.zile.bel.tr\/index.php\/wp-json\/wp\/v2\/posts\/3936\/revisions\/4048"}],"wp:featuredmedia":[{"embeddable":true,"href":"https:\/\/site.zile.bel.tr\/index.php\/wp-json\/wp\/v2\/media\/3939"}],"wp:attachment":[{"href":"https:\/\/site.zile.bel.tr\/index.php\/wp-json\/wp\/v2\/media?parent=3936"}],"wp:term":[{"taxonomy":"category","embeddable":true,"href":"https:\/\/site.zile.bel.tr\/index.php\/wp-json\/wp\/v2\/categories?post=3936"},{"taxonomy":"post_tag","embeddable":true,"href":"https:\/\/site.zile.bel.tr\/index.php\/wp-json\/wp\/v2\/tags?post=3936"}],"curies":[{"name":"wp","href":"https:\/\/api.w.org\/{rel}","templated":true}]}}