{"id":4170,"date":"2022-08-18T17:34:36","date_gmt":"2022-08-18T14:34:36","guid":{"rendered":"http:\/\/site.zile.bel.tr\/?p=4170"},"modified":"2022-08-18T17:34:36","modified_gmt":"2022-08-18T14:34:36","slug":"muharrem-ayi-munasebetiyle-zile-belediyesinde-asure-dagitimi-gerceklestirildi","status":"publish","type":"post","link":"https:\/\/site.zile.bel.tr\/index.php\/2022\/08\/18\/muharrem-ayi-munasebetiyle-zile-belediyesinde-asure-dagitimi-gerceklestirildi\/","title":{"rendered":"Muharrem Ay\u0131 M\u00fcnasebetiyle Zile Belediyesi&#8217;nde A\u015fure Da\u011f\u0131t\u0131m\u0131 Ger\u00e7ekle\u015ftirildi"},"content":{"rendered":"<div class=\"m8h3af8h l7ghb35v kjdc1dyq kmwttqpk gh25dzvf n3t5jt4f\">\n<div dir=\"auto\">Muharrem Ay\u0131 M\u00fcnasebetiyle Zile Belediyesi&#8217;nde A\u015fure Da\u011f\u0131t\u0131m\u0131 Ger\u00e7ekle\u015ftirildi<\/div>\n<div dir=\"auto\"><\/div>\n<\/div>\n<div class=\"l7ghb35v kjdc1dyq kmwttqpk gh25dzvf jikcssrz n3t5jt4f\">\n<div dir=\"auto\">Zile Belediyesi taraf\u0131ndan Muharrem ay\u0131 dolay\u0131s\u0131yla 3 bin ki\u015filik a\u015fure da\u011f\u0131t\u0131ld\u0131. Muharrem ay\u0131n\u0131n bereketi ve payla\u015fman\u0131n anlam\u0131 olan a\u015fure g\u00fcn\u00fc m\u00fcnasebetiyle ger\u00e7ekle\u015ftirilen a\u015fure da\u011f\u0131t\u0131m\u0131 etkinli\u011fine Zile Belediye Ba\u015fkan\u0131 \u015e\u00fckr\u00fc Sarg\u0131n, Kaymakam Mehmet Ali Aky\u00fcz, \u0130l\u00e7e Milli E\u011fitim M\u00fcd\u00fcr\u00fc Hac\u0131 Bayram Polattimur, CHP Zile \u0130l\u00e7e Ba\u015fkan\u0131 Ali R\u0131za Bozdemir ve \u0130l\u00e7e Sakinleri kat\u0131ld\u0131.<\/div>\n<\/div>\n<div class=\"l7ghb35v kjdc1dyq kmwttqpk gh25dzvf jikcssrz n3t5jt4f\">\n<div dir=\"auto\"><\/div>\n<div dir=\"auto\">Programda vatanda\u015flara a\u015fure ikram\u0131nda bulunan Zile Belediye Ba\u015fkan\u0131 \u015e\u00fckr\u00fc Sarg\u0131n &#8220;Muharrem Ay\u0131 dolay\u0131s\u0131yla 3 bin ki\u015filik a\u015fure haz\u0131rlad\u0131k ve vatanda\u015flar\u0131m\u0131za ikram ediyoruz. Muharrem ay\u0131n\u0131n 10. g\u00fcn\u00fc Hz Muhammed&#8217;in torunu Hz H\u00fcseyin Efendimiz ve arkada\u015flar\u0131n\u0131n \u015fehit edildi\u011fi bir matem g\u00fcn\u00fcd\u00fcr. B\u00fct\u00fcn M\u00fcsl\u00fcmanlar\u0131n ortak h\u00fcz\u00fcn g\u00fcn\u00fcd\u00fcr. Yap\u0131lan zul\u00fcmleri anlatmaya ne dilin g\u00fcc\u00fc yeter ne de ac\u0131s\u0131na g\u00f6n\u00fcller katlan\u0131r. Bizler ne zalimi ne de mazlumu asla unutmayaca\u011f\u0131z. A\u015fure g\u00fcn\u00fcm\u00fcz ve matemimiz y\u00fcre\u011fimizde hep bir s\u0131z\u0131 olarak kalacakt\u0131r. Y\u00fcce Allah bir daha insanl\u0131\u011fa b\u00f6yle bir zul\u00fcm ya\u015fatmas\u0131n. Muharrem ay\u0131n\u0131n t\u00fcm halk\u0131m\u0131za bereket, birlik, beraberlik ve karde\u015flik getirmesini temenni ediyorum vatanda\u015flar\u0131m\u0131za da bu tevecc\u00fch ve kat\u0131l\u0131mlar\u0131ndan dolay\u0131 te\u015fekk\u00fcr ediyorum&#8221; dedi. Yap\u0131lan konu\u015fmalar\u0131n ard\u0131ndan vatanda\u015flara a\u015fure ikram\u0131nda bulunuldu.<\/div>\n<div dir=\"auto\"><img loading=\"lazy\" decoding=\"async\" class=\"alignnone wp-image-4171\" src=\"http:\/\/site.zile.bel.tr\/wp-content\/uploads\/2022\/08\/300411232_623534042472928_5586399819650582381_n-300x200.jpg\" alt=\"\" width=\"800\" height=\"533\" srcset=\"https:\/\/site.zile.bel.tr\/wp-content\/uploads\/2022\/08\/300411232_623534042472928_5586399819650582381_n-300x200.jpg 300w, https:\/\/site.zile.bel.tr\/wp-content\/uploads\/2022\/08\/300411232_623534042472928_5586399819650582381_n-768x511.jpg 768w, https:\/\/site.zile.bel.tr\/wp-content\/uploads\/2022\/08\/300411232_623534042472928_5586399819650582381_n.jpg 960w\" sizes=\"auto, (max-width: 800px) 100vw, 800px\" \/><\/div>\n<div dir=\"auto\">\n\n\t\t<style type=\"text\/css\">\n\t\t\t#gallery-1 {\n\t\t\t\tmargin: auto;\n\t\t\t}\n\t\t\t#gallery-1 .gallery-item {\n\t\t\t\tfloat: left;\n\t\t\t\tmargin-top: 10px;\n\t\t\t\ttext-align: center;\n\t\t\t\twidth: 33%;\n\t\t\t}\n\t\t\t#gallery-1 img {\n\t\t\t\tborder: 2px solid #cfcfcf;\n\t\t\t}\n\t\t\t#gallery-1 .gallery-caption {\n\t\t\t\tmargin-left: 0;\n\t\t\t}\n\t\t\t\/* see gallery_shortcode() in wp-includes\/media.php *\/\n\t\t<\/style>\n\t\t<div id='gallery-1' class='gallery galleryid-4170 gallery-columns-3 gallery-size-thumbnail'><dl class='gallery-item'>\n\t\t\t<dt class='gallery-icon landscape'>\n\t\t\t\t<a href='https:\/\/site.zile.bel.tr\/wp-content\/uploads\/2022\/08\/300411232_623534042472928_5586399819650582381_n-1.jpg'><img loading=\"lazy\" decoding=\"async\" width=\"150\" height=\"150\" src=\"https:\/\/site.zile.bel.tr\/wp-content\/uploads\/2022\/08\/300411232_623534042472928_5586399819650582381_n-1-150x150.jpg\" class=\"attachment-thumbnail size-thumbnail\" alt=\"\" \/><\/a>\n\t\t\t<\/dt><\/dl><dl class='gallery-item'>\n\t\t\t<dt class='gallery-icon landscape'>\n\t\t\t\t<a href='https:\/\/site.zile.bel.tr\/wp-content\/uploads\/2022\/08\/299169260_623534612472871_2826455726569036471_n.jpg'><img loading=\"lazy\" decoding=\"async\" width=\"150\" height=\"150\" src=\"https:\/\/site.zile.bel.tr\/wp-content\/uploads\/2022\/08\/299169260_623534612472871_2826455726569036471_n-150x150.jpg\" class=\"attachment-thumbnail size-thumbnail\" alt=\"\" \/><\/a>\n\t\t\t<\/dt><\/dl><dl class='gallery-item'>\n\t\t\t<dt class='gallery-icon landscape'>\n\t\t\t\t<a href='https:\/\/site.zile.bel.tr\/wp-content\/uploads\/2022\/08\/299336231_623534102472922_6696059729932862367_n.jpg'><img loading=\"lazy\" decoding=\"async\" width=\"150\" height=\"150\" src=\"https:\/\/site.zile.bel.tr\/wp-content\/uploads\/2022\/08\/299336231_623534102472922_6696059729932862367_n-150x150.jpg\" class=\"attachment-thumbnail size-thumbnail\" alt=\"\" \/><\/a>\n\t\t\t<\/dt><\/dl><br style=\"clear: both\" \/><dl class='gallery-item'>\n\t\t\t<dt class='gallery-icon landscape'>\n\t\t\t\t<a href='https:\/\/site.zile.bel.tr\/wp-content\/uploads\/2022\/08\/299429293_623535322472800_6543251840254993714_n.jpg'><img loading=\"lazy\" decoding=\"async\" width=\"150\" height=\"150\" src=\"https:\/\/site.zile.bel.tr\/wp-content\/uploads\/2022\/08\/299429293_623535322472800_6543251840254993714_n-150x150.jpg\" class=\"attachment-thumbnail size-thumbnail\" alt=\"\" \/><\/a>\n\t\t\t<\/dt><\/dl><dl class='gallery-item'>\n\t\t\t<dt class='gallery-icon landscape'>\n\t\t\t\t<a href='https:\/\/site.zile.bel.tr\/wp-content\/uploads\/2022\/08\/300202624_623534655806200_2448591520344027718_n.jpg'><img loading=\"lazy\" decoding=\"async\" width=\"150\" height=\"150\" src=\"https:\/\/site.zile.bel.tr\/wp-content\/uploads\/2022\/08\/300202624_623534655806200_2448591520344027718_n-150x150.jpg\" class=\"attachment-thumbnail size-thumbnail\" alt=\"\" \/><\/a>\n\t\t\t<\/dt><\/dl><dl class='gallery-item'>\n\t\t\t<dt class='gallery-icon landscape'>\n\t\t\t\t<a href='https:\/\/site.zile.bel.tr\/wp-content\/uploads\/2022\/08\/299426711_623535339139465_9133491610715713375_n.jpg'><img loading=\"lazy\" decoding=\"async\" width=\"150\" height=\"150\" src=\"https:\/\/site.zile.bel.tr\/wp-content\/uploads\/2022\/08\/299426711_623535339139465_9133491610715713375_n-150x150.jpg\" class=\"attachment-thumbnail size-thumbnail\" alt=\"\" \/><\/a>\n\t\t\t<\/dt><\/dl><br style=\"clear: both\" \/><dl class='gallery-item'>\n\t\t\t<dt class='gallery-icon landscape'>\n\t\t\t\t<a href='https:\/\/site.zile.bel.tr\/wp-content\/uploads\/2022\/08\/299872283_623534699139529_4336047203621924958_n.jpg'><img loading=\"lazy\" decoding=\"async\" width=\"150\" height=\"150\" src=\"https:\/\/site.zile.bel.tr\/wp-content\/uploads\/2022\/08\/299872283_623534699139529_4336047203621924958_n-150x150.jpg\" class=\"attachment-thumbnail size-thumbnail\" alt=\"\" \/><\/a>\n\t\t\t<\/dt><\/dl><dl class='gallery-item'>\n\t\t\t<dt class='gallery-icon landscape'>\n\t\t\t\t<a href='https:\/\/site.zile.bel.tr\/wp-content\/uploads\/2022\/08\/299660787_623534755806190_2046549902672354236_n.jpg'><img loading=\"lazy\" decoding=\"async\" width=\"150\" height=\"150\" src=\"https:\/\/site.zile.bel.tr\/wp-content\/uploads\/2022\/08\/299660787_623534755806190_2046549902672354236_n-150x150.jpg\" class=\"attachment-thumbnail size-thumbnail\" alt=\"\" \/><\/a>\n\t\t\t<\/dt><\/dl><dl class='gallery-item'>\n\t\t\t<dt class='gallery-icon landscape'>\n\t\t\t\t<a href='https:\/\/site.zile.bel.tr\/wp-content\/uploads\/2022\/08\/299891092_623535365806129_6808373117409889522_n.jpg'><img loading=\"lazy\" decoding=\"async\" width=\"150\" height=\"150\" src=\"https:\/\/site.zile.bel.tr\/wp-content\/uploads\/2022\/08\/299891092_623535365806129_6808373117409889522_n-150x150.jpg\" class=\"attachment-thumbnail size-thumbnail\" alt=\"\" \/><\/a>\n\t\t\t<\/dt><\/dl><br style=\"clear: both\" \/><dl class='gallery-item'>\n\t\t\t<dt class='gallery-icon landscape'>\n\t\t\t\t<a href='https:\/\/site.zile.bel.tr\/wp-content\/uploads\/2022\/08\/299953422_623534145806251_1135947302587832967_n.jpg'><img loading=\"lazy\" decoding=\"async\" width=\"150\" height=\"150\" src=\"https:\/\/site.zile.bel.tr\/wp-content\/uploads\/2022\/08\/299953422_623534145806251_1135947302587832967_n-150x150.jpg\" class=\"attachment-thumbnail size-thumbnail\" alt=\"\" \/><\/a>\n\t\t\t<\/dt><\/dl><dl class='gallery-item'>\n\t\t\t<dt class='gallery-icon landscape'>\n\t\t\t\t<a href='https:\/\/site.zile.bel.tr\/wp-content\/uploads\/2022\/08\/299177474_623535299139469_3315115966553695512_n.jpg'><img loading=\"lazy\" decoding=\"async\" width=\"150\" height=\"150\" src=\"https:\/\/site.zile.bel.tr\/wp-content\/uploads\/2022\/08\/299177474_623535299139469_3315115966553695512_n-150x150.jpg\" class=\"attachment-thumbnail size-thumbnail\" alt=\"\" \/><\/a>\n\t\t\t<\/dt><\/dl>\n\t\t\t<br style='clear: both' \/>\n\t\t<\/div>\n\n<\/div>\n<\/div>\n","protected":false},"excerpt":{"rendered":"<p>Muharrem Ay\u0131 M\u00fcnasebetiyle Zile Belediyesi&#8217;nde A\u015fure Da\u011f\u0131t\u0131m\u0131 Ger\u00e7ekle\u015ftirildi Zile Belediyesi taraf\u0131ndan Muharrem ay\u0131 dolay\u0131s\u0131yla 3 bin ki\u015filik a\u015fure da\u011f\u0131t\u0131ld\u0131. Muharrem ay\u0131n\u0131n bereketi ve payla\u015fman\u0131n anlam\u0131 olan a\u015fure g\u00fcn\u00fc m\u00fcnasebetiyle ger\u00e7ekle\u015ftirilen a\u015fure da\u011f\u0131t\u0131m\u0131 etkinli\u011fine Zile Belediye Ba\u015fkan\u0131 \u015e\u00fckr\u00fc Sarg\u0131n, Kaymakam Mehmet Ali Aky\u00fcz, \u0130l\u00e7e Milli E\u011fitim M\u00fcd\u00fcr\u00fc Hac\u0131 Bayram Polattimur, CHP Zile \u0130l\u00e7e Ba\u015fkan\u0131 Ali R\u0131za [&hellip;]<\/p>\n","protected":false},"author":1,"featured_media":4171,"comment_status":"open","ping_status":"open","sticky":false,"template":"","format":"standard","meta":{"footnotes":""},"categories":[11],"tags":[],"class_list":["post-4170","post","type-post","status-publish","format-standard","has-post-thumbnail","hentry","category-haberler"],"_links":{"self":[{"href":"https:\/\/site.zile.bel.tr\/index.php\/wp-json\/wp\/v2\/posts\/4170","targetHints":{"allow":["GET"]}}],"collection":[{"href":"https:\/\/site.zile.bel.tr\/index.php\/wp-json\/wp\/v2\/posts"}],"about":[{"href":"https:\/\/site.zile.bel.tr\/index.php\/wp-json\/wp\/v2\/types\/post"}],"author":[{"embeddable":true,"href":"https:\/\/site.zile.bel.tr\/index.php\/wp-json\/wp\/v2\/users\/1"}],"replies":[{"embeddable":true,"href":"https:\/\/site.zile.bel.tr\/index.php\/wp-json\/wp\/v2\/comments?post=4170"}],"version-history":[{"count":1,"href":"https:\/\/site.zile.bel.tr\/index.php\/wp-json\/wp\/v2\/posts\/4170\/revisions"}],"predecessor-version":[{"id":4183,"href":"https:\/\/site.zile.bel.tr\/index.php\/wp-json\/wp\/v2\/posts\/4170\/revisions\/4183"}],"wp:featuredmedia":[{"embeddable":true,"href":"https:\/\/site.zile.bel.tr\/index.php\/wp-json\/wp\/v2\/media\/4171"}],"wp:attachment":[{"href":"https:\/\/site.zile.bel.tr\/index.php\/wp-json\/wp\/v2\/media?parent=4170"}],"wp:term":[{"taxonomy":"category","embeddable":true,"href":"https:\/\/site.zile.bel.tr\/index.php\/wp-json\/wp\/v2\/categories?post=4170"},{"taxonomy":"post_tag","embeddable":true,"href":"https:\/\/site.zile.bel.tr\/index.php\/wp-json\/wp\/v2\/tags?post=4170"}],"curies":[{"name":"wp","href":"https:\/\/api.w.org\/{rel}","templated":true}]}}