{"id":4377,"date":"2022-09-29T21:09:35","date_gmt":"2022-09-29T18:09:35","guid":{"rendered":"http:\/\/site.zile.bel.tr\/?p=4377"},"modified":"2022-09-30T18:33:18","modified_gmt":"2022-09-30T15:33:18","slug":"zile-belediye-baskanin-sukru-sargin-itfaiye-teskilatinin-kuruldugu-tarihten-itibaren-eylul-ayinin-son-haftasi-olarak-kutlanan-itfaiye-haftasini-kutladi","status":"publish","type":"post","link":"https:\/\/site.zile.bel.tr\/index.php\/2022\/09\/29\/zile-belediye-baskanin-sukru-sargin-itfaiye-teskilatinin-kuruldugu-tarihten-itibaren-eylul-ayinin-son-haftasi-olarak-kutlanan-itfaiye-haftasini-kutladi\/","title":{"rendered":"Zile Belediye Ba\u015fkan\u0131n \u015e\u00fckr\u00fc Sarg\u0131n, \u0130tfaiye Te\u015fkilat\u0131\u2019n\u0131n kuruldu\u011fu tarihten itibaren Eyl\u00fcl ay\u0131n\u0131n son haftas\u0131 olarak kutlanan \u0130tfaiye Haftas\u0131\u2019n\u0131 kutlad\u0131."},"content":{"rendered":"<div class=\"m8h3af8h l7ghb35v kjdc1dyq kmwttqpk gh25dzvf n3t5jt4f\">\n<div dir=\"auto\">Zile Belediye Ba\u015fkan\u0131n \u015e\u00fckr\u00fc Sarg\u0131n, \u0130tfaiye Te\u015fkilat\u0131\u2019n\u0131n kuruldu\u011fu tarihten itibaren Eyl\u00fcl ay\u0131n\u0131n son haftas\u0131 olarak kutlanan \u0130tfaiye Haftas\u0131\u2019n\u0131 kutlad\u0131.<\/div>\n<div dir=\"auto\"><\/div>\n<\/div>\n<div class=\"l7ghb35v kjdc1dyq kmwttqpk gh25dzvf jikcssrz n3t5jt4f\">\n<div dir=\"auto\">\u0130tfaiye Haftas\u0131 nedeniyle \u0130tfaiye binas\u0131na ziyaret ger\u00e7ekle\u015ftiren Zile Belediye Ba\u015fkan\u0131 \u015e\u00fckr\u00fc Sarg\u0131n, \u0130tfaiyecileri ziyaret ederek, \u201cMesai kavram\u0131 g\u00f6zetmeksizin canla ba\u015fla \u00e7al\u0131\u015fan ekiplere te\u015fekk\u00fcr ediyor, g\u00f6revlerinde kolayl\u0131klar diliyorum. Belediyemiz ve \u00fclkemiz genelinde b\u00fcy\u00fck fedakarl\u0131k ile bu g\u00f6revi y\u00fcr\u00fcten t\u00fcm itfaiyeci arkada\u015flar\u0131m\u0131n haftalar\u0131n\u0131 kutluyorum\u201d dedi.<\/div>\n<div dir=\"auto\"><img loading=\"lazy\" decoding=\"async\" class=\"alignnone wp-image-4378\" src=\"http:\/\/site.zile.bel.tr\/wp-content\/uploads\/2022\/09\/309513777_193545103053247_8716503006902490452_n-300x194.jpg\" alt=\"\" width=\"800\" height=\"518\" srcset=\"https:\/\/site.zile.bel.tr\/wp-content\/uploads\/2022\/09\/309513777_193545103053247_8716503006902490452_n-300x194.jpg 300w, https:\/\/site.zile.bel.tr\/wp-content\/uploads\/2022\/09\/309513777_193545103053247_8716503006902490452_n-1024x663.jpg 1024w, https:\/\/site.zile.bel.tr\/wp-content\/uploads\/2022\/09\/309513777_193545103053247_8716503006902490452_n-768x497.jpg 768w, https:\/\/site.zile.bel.tr\/wp-content\/uploads\/2022\/09\/309513777_193545103053247_8716503006902490452_n-1536x994.jpg 1536w, https:\/\/site.zile.bel.tr\/wp-content\/uploads\/2022\/09\/309513777_193545103053247_8716503006902490452_n.jpg 2048w\" sizes=\"auto, (max-width: 800px) 100vw, 800px\" \/><\/div>\n<div dir=\"auto\">\n\n\t\t<style type=\"text\/css\">\n\t\t\t#gallery-1 {\n\t\t\t\tmargin: auto;\n\t\t\t}\n\t\t\t#gallery-1 .gallery-item {\n\t\t\t\tfloat: left;\n\t\t\t\tmargin-top: 10px;\n\t\t\t\ttext-align: center;\n\t\t\t\twidth: 33%;\n\t\t\t}\n\t\t\t#gallery-1 img {\n\t\t\t\tborder: 2px solid #cfcfcf;\n\t\t\t}\n\t\t\t#gallery-1 .gallery-caption {\n\t\t\t\tmargin-left: 0;\n\t\t\t}\n\t\t\t\/* see gallery_shortcode() in wp-includes\/media.php *\/\n\t\t<\/style>\n\t\t<div id='gallery-1' class='gallery galleryid-4377 gallery-columns-3 gallery-size-thumbnail'><dl class='gallery-item'>\n\t\t\t<dt class='gallery-icon landscape'>\n\t\t\t\t<a href='https:\/\/site.zile.bel.tr\/wp-content\/uploads\/2022\/09\/309513777_193545103053247_8716503006902490452_n-1.jpg'><img loading=\"lazy\" decoding=\"async\" width=\"150\" height=\"150\" src=\"https:\/\/site.zile.bel.tr\/wp-content\/uploads\/2022\/09\/309513777_193545103053247_8716503006902490452_n-1-150x150.jpg\" class=\"attachment-thumbnail size-thumbnail\" alt=\"\" \/><\/a>\n\t\t\t<\/dt><\/dl><dl class='gallery-item'>\n\t\t\t<dt class='gallery-icon landscape'>\n\t\t\t\t<a href='https:\/\/site.zile.bel.tr\/wp-content\/uploads\/2022\/09\/308884429_193545146386576_1550017153414479478_n.jpg'><img loading=\"lazy\" decoding=\"async\" width=\"150\" height=\"150\" src=\"https:\/\/site.zile.bel.tr\/wp-content\/uploads\/2022\/09\/308884429_193545146386576_1550017153414479478_n-150x150.jpg\" class=\"attachment-thumbnail size-thumbnail\" alt=\"\" \/><\/a>\n\t\t\t<\/dt><\/dl><dl class='gallery-item'>\n\t\t\t<dt class='gallery-icon landscape'>\n\t\t\t\t<a href='https:\/\/site.zile.bel.tr\/wp-content\/uploads\/2022\/09\/309231991_193545276386563_8350352255989299443_n.jpg'><img loading=\"lazy\" decoding=\"async\" width=\"150\" height=\"150\" src=\"https:\/\/site.zile.bel.tr\/wp-content\/uploads\/2022\/09\/309231991_193545276386563_8350352255989299443_n-150x150.jpg\" class=\"attachment-thumbnail size-thumbnail\" alt=\"\" \/><\/a>\n\t\t\t<\/dt><\/dl><br style=\"clear: both\" \/><dl class='gallery-item'>\n\t\t\t<dt class='gallery-icon landscape'>\n\t\t\t\t<a href='https:\/\/site.zile.bel.tr\/wp-content\/uploads\/2022\/09\/308903653_193545286386562_7253114231797815759_n.jpg'><img loading=\"lazy\" decoding=\"async\" width=\"150\" height=\"150\" src=\"https:\/\/site.zile.bel.tr\/wp-content\/uploads\/2022\/09\/308903653_193545286386562_7253114231797815759_n-150x150.jpg\" class=\"attachment-thumbnail size-thumbnail\" alt=\"\" \/><\/a>\n\t\t\t<\/dt><\/dl>\n\t\t\t<br style='clear: both' \/>\n\t\t<\/div>\n\n<\/div>\n<\/div>\n","protected":false},"excerpt":{"rendered":"<p>Zile Belediye Ba\u015fkan\u0131n \u015e\u00fckr\u00fc Sarg\u0131n, \u0130tfaiye Te\u015fkilat\u0131\u2019n\u0131n kuruldu\u011fu tarihten itibaren Eyl\u00fcl ay\u0131n\u0131n son haftas\u0131 olarak kutlanan \u0130tfaiye Haftas\u0131\u2019n\u0131 kutlad\u0131. \u0130tfaiye Haftas\u0131 nedeniyle \u0130tfaiye binas\u0131na ziyaret ger\u00e7ekle\u015ftiren Zile Belediye Ba\u015fkan\u0131 \u015e\u00fckr\u00fc Sarg\u0131n, \u0130tfaiyecileri ziyaret ederek, \u201cMesai kavram\u0131 g\u00f6zetmeksizin canla ba\u015fla \u00e7al\u0131\u015fan ekiplere te\u015fekk\u00fcr ediyor, g\u00f6revlerinde kolayl\u0131klar diliyorum. Belediyemiz ve \u00fclkemiz genelinde b\u00fcy\u00fck fedakarl\u0131k ile bu g\u00f6revi [&hellip;]<\/p>\n","protected":false},"author":1,"featured_media":4378,"comment_status":"open","ping_status":"open","sticky":false,"template":"","format":"standard","meta":{"footnotes":""},"categories":[11],"tags":[],"class_list":["post-4377","post","type-post","status-publish","format-standard","has-post-thumbnail","hentry","category-haberler"],"_links":{"self":[{"href":"https:\/\/site.zile.bel.tr\/index.php\/wp-json\/wp\/v2\/posts\/4377","targetHints":{"allow":["GET"]}}],"collection":[{"href":"https:\/\/site.zile.bel.tr\/index.php\/wp-json\/wp\/v2\/posts"}],"about":[{"href":"https:\/\/site.zile.bel.tr\/index.php\/wp-json\/wp\/v2\/types\/post"}],"author":[{"embeddable":true,"href":"https:\/\/site.zile.bel.tr\/index.php\/wp-json\/wp\/v2\/users\/1"}],"replies":[{"embeddable":true,"href":"https:\/\/site.zile.bel.tr\/index.php\/wp-json\/wp\/v2\/comments?post=4377"}],"version-history":[{"count":1,"href":"https:\/\/site.zile.bel.tr\/index.php\/wp-json\/wp\/v2\/posts\/4377\/revisions"}],"predecessor-version":[{"id":4383,"href":"https:\/\/site.zile.bel.tr\/index.php\/wp-json\/wp\/v2\/posts\/4377\/revisions\/4383"}],"wp:featuredmedia":[{"embeddable":true,"href":"https:\/\/site.zile.bel.tr\/index.php\/wp-json\/wp\/v2\/media\/4378"}],"wp:attachment":[{"href":"https:\/\/site.zile.bel.tr\/index.php\/wp-json\/wp\/v2\/media?parent=4377"}],"wp:term":[{"taxonomy":"category","embeddable":true,"href":"https:\/\/site.zile.bel.tr\/index.php\/wp-json\/wp\/v2\/categories?post=4377"},{"taxonomy":"post_tag","embeddable":true,"href":"https:\/\/site.zile.bel.tr\/index.php\/wp-json\/wp\/v2\/tags?post=4377"}],"curies":[{"name":"wp","href":"https:\/\/api.w.org\/{rel}","templated":true}]}}