{"id":4390,"date":"2022-10-02T17:05:18","date_gmt":"2022-10-02T14:05:18","guid":{"rendered":"http:\/\/site.zile.bel.tr\/?p=4390"},"modified":"2022-10-05T09:58:13","modified_gmt":"2022-10-05T06:58:13","slug":"sehidimize-allahtan-rahmet-ailesine-tokatli-hemsehrilerimize-ve-milletimize-bassagligi-dilerim-sukru-sargin-zile-belediye-baskani","status":"publish","type":"post","link":"https:\/\/site.zile.bel.tr\/index.php\/2022\/10\/02\/sehidimize-allahtan-rahmet-ailesine-tokatli-hemsehrilerimize-ve-milletimize-bassagligi-dilerim-sukru-sargin-zile-belediye-baskani\/","title":{"rendered":"\u015eehidimize Allah&#8217;tan rahmet ailesine, Tokatl\u0131 hem\u015fehrilerimize ve milletimize ba\u015fsa\u011fl\u0131\u011f\u0131 dilerim.          \u015e\u00fckr\u00fc SARGIN Zile Belediye Ba\u015fkan\u0131"},"content":{"rendered":"<p>Samsun \u0130l \u00d6zel Harekat \u015eube M\u00fcd\u00fcrl\u00fc\u011f\u00fcnde polis memuru olarak g\u00f6rev yapan hem\u015ferimiz Mustafa \u00c7al\u0131\u015fgan, F\u0131rat Kalkan\u0131 Harekat\u0131 b\u00f6lgesinde \u015fehit d\u00fc\u015ft\u00fc.<br \/>\n\u015eehidimize Allah&#8217;tan rahmet ailesine, Tokatl\u0131 hem\u015fehrilerimize ve milletimize ba\u015fsa\u011fl\u0131\u011f\u0131 dilerim.<\/p>\n<p>\u015e\u00fckr\u00fc SARGIN<br \/>\nZile Belediye Ba\u015fkan\u0131<\/p>\n<p><img loading=\"lazy\" decoding=\"async\" class=\"alignnone wp-image-4391\" src=\"http:\/\/site.zile.bel.tr\/wp-content\/uploads\/2022\/10\/309339156_194143639660060_598565998739239279_n-300x169.jpg\" alt=\"\" width=\"800\" height=\"451\" srcset=\"https:\/\/site.zile.bel.tr\/wp-content\/uploads\/2022\/10\/309339156_194143639660060_598565998739239279_n-300x169.jpg 300w, https:\/\/site.zile.bel.tr\/wp-content\/uploads\/2022\/10\/309339156_194143639660060_598565998739239279_n.jpg 738w\" sizes=\"auto, (max-width: 800px) 100vw, 800px\" \/><\/p>\n","protected":false},"excerpt":{"rendered":"<p>Samsun \u0130l \u00d6zel Harekat \u015eube M\u00fcd\u00fcrl\u00fc\u011f\u00fcnde polis memuru olarak g\u00f6rev yapan hem\u015ferimiz Mustafa \u00c7al\u0131\u015fgan, F\u0131rat Kalkan\u0131 Harekat\u0131 b\u00f6lgesinde \u015fehit d\u00fc\u015ft\u00fc. \u015eehidimize Allah&#8217;tan rahmet ailesine, Tokatl\u0131 hem\u015fehrilerimize ve milletimize ba\u015fsa\u011fl\u0131\u011f\u0131 dilerim. \u015e\u00fckr\u00fc SARGIN Zile Belediye Ba\u015fkan\u0131<\/p>\n","protected":false},"author":1,"featured_media":4391,"comment_status":"open","ping_status":"open","sticky":false,"template":"","format":"standard","meta":{"footnotes":""},"categories":[11],"tags":[],"class_list":["post-4390","post","type-post","status-publish","format-standard","has-post-thumbnail","hentry","category-haberler"],"_links":{"self":[{"href":"https:\/\/site.zile.bel.tr\/index.php\/wp-json\/wp\/v2\/posts\/4390","targetHints":{"allow":["GET"]}}],"collection":[{"href":"https:\/\/site.zile.bel.tr\/index.php\/wp-json\/wp\/v2\/posts"}],"about":[{"href":"https:\/\/site.zile.bel.tr\/index.php\/wp-json\/wp\/v2\/types\/post"}],"author":[{"embeddable":true,"href":"https:\/\/site.zile.bel.tr\/index.php\/wp-json\/wp\/v2\/users\/1"}],"replies":[{"embeddable":true,"href":"https:\/\/site.zile.bel.tr\/index.php\/wp-json\/wp\/v2\/comments?post=4390"}],"version-history":[{"count":1,"href":"https:\/\/site.zile.bel.tr\/index.php\/wp-json\/wp\/v2\/posts\/4390\/revisions"}],"predecessor-version":[{"id":4392,"href":"https:\/\/site.zile.bel.tr\/index.php\/wp-json\/wp\/v2\/posts\/4390\/revisions\/4392"}],"wp:featuredmedia":[{"embeddable":true,"href":"https:\/\/site.zile.bel.tr\/index.php\/wp-json\/wp\/v2\/media\/4391"}],"wp:attachment":[{"href":"https:\/\/site.zile.bel.tr\/index.php\/wp-json\/wp\/v2\/media?parent=4390"}],"wp:term":[{"taxonomy":"category","embeddable":true,"href":"https:\/\/site.zile.bel.tr\/index.php\/wp-json\/wp\/v2\/categories?post=4390"},{"taxonomy":"post_tag","embeddable":true,"href":"https:\/\/site.zile.bel.tr\/index.php\/wp-json\/wp\/v2\/tags?post=4390"}],"curies":[{"name":"wp","href":"https:\/\/api.w.org\/{rel}","templated":true}]}}