{"id":4521,"date":"2022-10-28T16:35:08","date_gmt":"2022-10-28T13:35:08","guid":{"rendered":"http:\/\/site.zile.bel.tr\/?p=4521"},"modified":"2022-10-28T16:35:08","modified_gmt":"2022-10-28T13:35:08","slug":"zilede-29-ekim-cumhuriyet-bayrami-kutlaniyor","status":"publish","type":"post","link":"https:\/\/site.zile.bel.tr\/index.php\/2022\/10\/28\/zilede-29-ekim-cumhuriyet-bayrami-kutlaniyor\/","title":{"rendered":"Zile\u2019de 29 Ekim Cumhuriyet Bayram\u0131 Kutlan\u0131yor"},"content":{"rendered":"<div class=\"xdj266r x11i5rnm xat24cr x1mh8g0r x1vvkbs x126k92a\">\n<div dir=\"auto\">Zile\u2019de 29 Ekim Cumhuriyet Bayram\u0131 Kutlan\u0131yor<\/div>\n<div dir=\"auto\"><\/div>\n<\/div>\n<div class=\"x11i5rnm xat24cr x1mh8g0r x1vvkbs xtlvy1s x126k92a\">\n<div dir=\"auto\">29 Ekim Cumhuriyet Bayram\u0131 m\u00fcnasebetiyle Eski H\u00fck\u00fcmet Kona\u011f\u0131\u2019nda resmi t\u00f6ren d\u00fczenlendi. T\u00f6ren Atat\u00fcrk An\u0131t\u0131&#8217;na \u00e7elenk konulmas\u0131, sayg\u0131 duru\u015fu ve \u0130stiklal Mar\u015f\u0131\u2019n\u0131n okunmas\u0131yla sona erdi. \u00c7elenk sunma t\u00f6renine Kaymakam Mehmet Ali Aky\u00fcz, Zile Belediye Ba\u015fkan\u0131 \u015e\u00fckr\u00fc Sarg\u0131n, parti il\u00e7e ba\u015fkanlar\u0131 ile vatanda\u015flar kat\u0131ld\u0131.<\/div>\n<div dir=\"auto\"><\/div>\n<\/div>\n<div class=\"x11i5rnm xat24cr x1mh8g0r x1vvkbs xtlvy1s x126k92a\">\n<div dir=\"auto\">Zile Belediye Ba\u015fkan\u0131 \u015e\u00fckr\u00fc Sarg\u0131n t\u00f6ren sonras\u0131 verdi\u011fi mesajda \u201cCumhuriyet&#8217;siz bir toplum yar\u0131ns\u0131z bir g\u00fcnd\u00fcr. Bu g\u00fczel \u00fclkeyi kuran ve bu g\u00fczel g\u00fcn\u00fc bizlere arma\u011fan eden Gazi Mustafa Kemal Atat\u00fcrk ve silah arkada\u015flar\u0131n\u0131 rahmetle an\u0131yorum. 29 Ekim Cumhuriyet Bayram\u0131m\u0131z kutlu olsun!\u201d dedi.<\/div>\n<div dir=\"auto\"><\/div>\n<\/div>\n<div class=\"x11i5rnm xat24cr x1mh8g0r x1vvkbs xtlvy1s x126k92a\">\n<div dir=\"auto\">Not: 29 Ekim Cumhuriyet Bayram\u0131 etkinlikleri kapsam\u0131nda yar\u0131n saat: 10:30&#8217;da Hasan Sevin\u00e7 Kapal\u0131 Spor Salonu Kutlama Program\u0131 ve Zile Belediye Ba\u011f\u0131&#8217;nda Zile Karakucak G\u00fcre\u015fleri yap\u0131lacakt\u0131r.<\/div>\n<div dir=\"auto\"><img loading=\"lazy\" decoding=\"async\" class=\"alignnone wp-image-4522\" src=\"http:\/\/site.zile.bel.tr\/wp-content\/uploads\/2022\/10\/312259360_198891769185247_1899235453567744714_n-300x230.jpg\" alt=\"\" width=\"800\" height=\"613\" srcset=\"https:\/\/site.zile.bel.tr\/wp-content\/uploads\/2022\/10\/312259360_198891769185247_1899235453567744714_n-300x230.jpg 300w, https:\/\/site.zile.bel.tr\/wp-content\/uploads\/2022\/10\/312259360_198891769185247_1899235453567744714_n-768x589.jpg 768w, https:\/\/site.zile.bel.tr\/wp-content\/uploads\/2022\/10\/312259360_198891769185247_1899235453567744714_n.jpg 960w\" sizes=\"auto, (max-width: 800px) 100vw, 800px\" \/><\/div>\n<div dir=\"auto\">\n\n\t\t<style type=\"text\/css\">\n\t\t\t#gallery-1 {\n\t\t\t\tmargin: auto;\n\t\t\t}\n\t\t\t#gallery-1 .gallery-item {\n\t\t\t\tfloat: left;\n\t\t\t\tmargin-top: 10px;\n\t\t\t\ttext-align: center;\n\t\t\t\twidth: 33%;\n\t\t\t}\n\t\t\t#gallery-1 img {\n\t\t\t\tborder: 2px solid #cfcfcf;\n\t\t\t}\n\t\t\t#gallery-1 .gallery-caption {\n\t\t\t\tmargin-left: 0;\n\t\t\t}\n\t\t\t\/* see gallery_shortcode() in wp-includes\/media.php *\/\n\t\t<\/style>\n\t\t<div id='gallery-1' class='gallery galleryid-4521 gallery-columns-3 gallery-size-thumbnail'><dl class='gallery-item'>\n\t\t\t<dt class='gallery-icon landscape'>\n\t\t\t\t<a href='https:\/\/site.zile.bel.tr\/wp-content\/uploads\/2022\/10\/312259360_198891769185247_1899235453567744714_n.jpg'><img loading=\"lazy\" decoding=\"async\" width=\"150\" height=\"150\" src=\"https:\/\/site.zile.bel.tr\/wp-content\/uploads\/2022\/10\/312259360_198891769185247_1899235453567744714_n-150x150.jpg\" class=\"attachment-thumbnail size-thumbnail\" alt=\"\" \/><\/a>\n\t\t\t<\/dt><\/dl><dl class='gallery-item'>\n\t\t\t<dt class='gallery-icon landscape'>\n\t\t\t\t<a href='https:\/\/site.zile.bel.tr\/wp-content\/uploads\/2022\/10\/312623170_198891802518577_1952107539453582373_n-1.jpg'><img loading=\"lazy\" decoding=\"async\" width=\"150\" height=\"150\" src=\"https:\/\/site.zile.bel.tr\/wp-content\/uploads\/2022\/10\/312623170_198891802518577_1952107539453582373_n-1-150x150.jpg\" class=\"attachment-thumbnail size-thumbnail\" alt=\"\" \/><\/a>\n\t\t\t<\/dt><\/dl><dl class='gallery-item'>\n\t\t\t<dt class='gallery-icon landscape'>\n\t\t\t\t<a href='https:\/\/site.zile.bel.tr\/wp-content\/uploads\/2022\/10\/312832753_198891942518563_1455309617753401082_n.jpg'><img loading=\"lazy\" decoding=\"async\" width=\"150\" height=\"150\" src=\"https:\/\/site.zile.bel.tr\/wp-content\/uploads\/2022\/10\/312832753_198891942518563_1455309617753401082_n-150x150.jpg\" class=\"attachment-thumbnail size-thumbnail\" alt=\"\" \/><\/a>\n\t\t\t<\/dt><\/dl><br style=\"clear: both\" \/><dl class='gallery-item'>\n\t\t\t<dt class='gallery-icon landscape'>\n\t\t\t\t<a href='https:\/\/site.zile.bel.tr\/wp-content\/uploads\/2022\/10\/313175524_198891959185228_5558267363846741981_n.jpg'><img loading=\"lazy\" decoding=\"async\" width=\"150\" height=\"150\" src=\"https:\/\/site.zile.bel.tr\/wp-content\/uploads\/2022\/10\/313175524_198891959185228_5558267363846741981_n-150x150.jpg\" class=\"attachment-thumbnail size-thumbnail\" alt=\"\" \/><\/a>\n\t\t\t<\/dt><\/dl><dl class='gallery-item'>\n\t\t\t<dt class='gallery-icon landscape'>\n\t\t\t\t<a href='https:\/\/site.zile.bel.tr\/wp-content\/uploads\/2022\/10\/313354966_198891979185226_3300187116473084167_n.jpg'><img loading=\"lazy\" decoding=\"async\" width=\"150\" height=\"150\" src=\"https:\/\/site.zile.bel.tr\/wp-content\/uploads\/2022\/10\/313354966_198891979185226_3300187116473084167_n-150x150.jpg\" class=\"attachment-thumbnail size-thumbnail\" alt=\"\" \/><\/a>\n\t\t\t<\/dt><\/dl>\n\t\t\t<br style='clear: both' \/>\n\t\t<\/div>\n\n<\/div>\n<div dir=\"auto\"><\/div>\n<\/div>\n","protected":false},"excerpt":{"rendered":"<p>Zile\u2019de 29 Ekim Cumhuriyet Bayram\u0131 Kutlan\u0131yor 29 Ekim Cumhuriyet Bayram\u0131 m\u00fcnasebetiyle Eski H\u00fck\u00fcmet Kona\u011f\u0131\u2019nda resmi t\u00f6ren d\u00fczenlendi. T\u00f6ren Atat\u00fcrk An\u0131t\u0131&#8217;na \u00e7elenk konulmas\u0131, sayg\u0131 duru\u015fu ve \u0130stiklal Mar\u015f\u0131\u2019n\u0131n okunmas\u0131yla sona erdi. \u00c7elenk sunma t\u00f6renine Kaymakam Mehmet Ali Aky\u00fcz, Zile Belediye Ba\u015fkan\u0131 \u015e\u00fckr\u00fc Sarg\u0131n, parti il\u00e7e ba\u015fkanlar\u0131 ile vatanda\u015flar kat\u0131ld\u0131. Zile Belediye Ba\u015fkan\u0131 \u015e\u00fckr\u00fc Sarg\u0131n t\u00f6ren sonras\u0131 [&hellip;]<\/p>\n","protected":false},"author":1,"featured_media":4522,"comment_status":"open","ping_status":"open","sticky":false,"template":"","format":"standard","meta":{"footnotes":""},"categories":[11],"tags":[],"class_list":["post-4521","post","type-post","status-publish","format-standard","has-post-thumbnail","hentry","category-haberler"],"_links":{"self":[{"href":"https:\/\/site.zile.bel.tr\/index.php\/wp-json\/wp\/v2\/posts\/4521","targetHints":{"allow":["GET"]}}],"collection":[{"href":"https:\/\/site.zile.bel.tr\/index.php\/wp-json\/wp\/v2\/posts"}],"about":[{"href":"https:\/\/site.zile.bel.tr\/index.php\/wp-json\/wp\/v2\/types\/post"}],"author":[{"embeddable":true,"href":"https:\/\/site.zile.bel.tr\/index.php\/wp-json\/wp\/v2\/users\/1"}],"replies":[{"embeddable":true,"href":"https:\/\/site.zile.bel.tr\/index.php\/wp-json\/wp\/v2\/comments?post=4521"}],"version-history":[{"count":1,"href":"https:\/\/site.zile.bel.tr\/index.php\/wp-json\/wp\/v2\/posts\/4521\/revisions"}],"predecessor-version":[{"id":4527,"href":"https:\/\/site.zile.bel.tr\/index.php\/wp-json\/wp\/v2\/posts\/4521\/revisions\/4527"}],"wp:featuredmedia":[{"embeddable":true,"href":"https:\/\/site.zile.bel.tr\/index.php\/wp-json\/wp\/v2\/media\/4522"}],"wp:attachment":[{"href":"https:\/\/site.zile.bel.tr\/index.php\/wp-json\/wp\/v2\/media?parent=4521"}],"wp:term":[{"taxonomy":"category","embeddable":true,"href":"https:\/\/site.zile.bel.tr\/index.php\/wp-json\/wp\/v2\/categories?post=4521"},{"taxonomy":"post_tag","embeddable":true,"href":"https:\/\/site.zile.bel.tr\/index.php\/wp-json\/wp\/v2\/tags?post=4521"}],"curies":[{"name":"wp","href":"https:\/\/api.w.org\/{rel}","templated":true}]}}