{"id":4696,"date":"2022-11-24T10:12:17","date_gmt":"2022-11-24T07:12:17","guid":{"rendered":"http:\/\/site.zile.bel.tr\/?p=4696"},"modified":"2022-11-25T09:18:39","modified_gmt":"2022-11-25T06:18:39","slug":"egitimin-asli-unsuru-olan-ogretmenlerimizin-ogretmenler-gununu-tebrik-ediyor-basta-basogretmenimiz-mustafa-kemal-ataturk-olmak-uzere-ebediyete-intikal-eden-ogretmenlerimizi-rahmet-ve-minnetle-aniyo","status":"publish","type":"post","link":"https:\/\/site.zile.bel.tr\/index.php\/2022\/11\/24\/egitimin-asli-unsuru-olan-ogretmenlerimizin-ogretmenler-gununu-tebrik-ediyor-basta-basogretmenimiz-mustafa-kemal-ataturk-olmak-uzere-ebediyete-intikal-eden-ogretmenlerimizi-rahmet-ve-minnetle-aniyo\/","title":{"rendered":"Ba\u015fta Ba\u015f\u00f6\u011fretmenimiz Mustafa Kemal Atat\u00fcrk Olmak \u00dczere Ebediyete \u0130ntikal Eden \u00d6\u011fretmenlerimizi Rahmet Ve Minnetle An\u0131yorum. \u015e\u00fckr\u00fc SARGIN Zile Belediye Ba\u015fkan\u0131"},"content":{"rendered":"<div class=\"x11i5rnm xat24cr x1mh8g0r x1vvkbs xdj266r x126k92a\">\n<div dir=\"auto\">E\u011fitimin asli unsuru olan \u00f6\u011fretmenlerimizin \u00d6\u011fretmenler G\u00fcn\u00fc&#8217;n\u00fc tebrik ediyor, ba\u015fta Ba\u015f\u00f6\u011fretmenimiz Mustafa Kemal Atat\u00fcrk olmak \u00fczere ebediyete intikal eden \u00f6\u011fretmenlerimizi rahmet ve minnetle an\u0131yorum.<\/div>\n<\/div>\n<div class=\"x11i5rnm xat24cr x1mh8g0r x1vvkbs xtlvy1s x126k92a\">\n<div dir=\"auto\">\u015e\u00fckr\u00fc SARGIN<\/div>\n<div dir=\"auto\">Zile Belediye Ba\u015fkan\u0131<\/div>\n<div dir=\"auto\"><img loading=\"lazy\" decoding=\"async\" class=\"alignnone wp-image-4697\" src=\"http:\/\/site.zile.bel.tr\/wp-content\/uploads\/2022\/11\/316418503_204619781945779_494299783716031383_n-300x214.jpg\" alt=\"\" width=\"800\" height=\"571\" srcset=\"https:\/\/site.zile.bel.tr\/wp-content\/uploads\/2022\/11\/316418503_204619781945779_494299783716031383_n-300x214.jpg 300w, https:\/\/site.zile.bel.tr\/wp-content\/uploads\/2022\/11\/316418503_204619781945779_494299783716031383_n-1024x732.jpg 1024w, https:\/\/site.zile.bel.tr\/wp-content\/uploads\/2022\/11\/316418503_204619781945779_494299783716031383_n-768x549.jpg 768w, https:\/\/site.zile.bel.tr\/wp-content\/uploads\/2022\/11\/316418503_204619781945779_494299783716031383_n-1536x1097.jpg 1536w, https:\/\/site.zile.bel.tr\/wp-content\/uploads\/2022\/11\/316418503_204619781945779_494299783716031383_n.jpg 2048w\" sizes=\"auto, (max-width: 800px) 100vw, 800px\" \/><\/div>\n<\/div>\n","protected":false},"excerpt":{"rendered":"<p>E\u011fitimin asli unsuru olan \u00f6\u011fretmenlerimizin \u00d6\u011fretmenler G\u00fcn\u00fc&#8217;n\u00fc tebrik ediyor, ba\u015fta Ba\u015f\u00f6\u011fretmenimiz Mustafa Kemal Atat\u00fcrk olmak \u00fczere ebediyete intikal eden \u00f6\u011fretmenlerimizi rahmet ve minnetle an\u0131yorum. \u015e\u00fckr\u00fc SARGIN Zile Belediye Ba\u015fkan\u0131<\/p>\n","protected":false},"author":1,"featured_media":4697,"comment_status":"open","ping_status":"open","sticky":false,"template":"","format":"standard","meta":{"footnotes":""},"categories":[11],"tags":[],"class_list":["post-4696","post","type-post","status-publish","format-standard","has-post-thumbnail","hentry","category-haberler"],"_links":{"self":[{"href":"https:\/\/site.zile.bel.tr\/index.php\/wp-json\/wp\/v2\/posts\/4696","targetHints":{"allow":["GET"]}}],"collection":[{"href":"https:\/\/site.zile.bel.tr\/index.php\/wp-json\/wp\/v2\/posts"}],"about":[{"href":"https:\/\/site.zile.bel.tr\/index.php\/wp-json\/wp\/v2\/types\/post"}],"author":[{"embeddable":true,"href":"https:\/\/site.zile.bel.tr\/index.php\/wp-json\/wp\/v2\/users\/1"}],"replies":[{"embeddable":true,"href":"https:\/\/site.zile.bel.tr\/index.php\/wp-json\/wp\/v2\/comments?post=4696"}],"version-history":[{"count":4,"href":"https:\/\/site.zile.bel.tr\/index.php\/wp-json\/wp\/v2\/posts\/4696\/revisions"}],"predecessor-version":[{"id":4701,"href":"https:\/\/site.zile.bel.tr\/index.php\/wp-json\/wp\/v2\/posts\/4696\/revisions\/4701"}],"wp:featuredmedia":[{"embeddable":true,"href":"https:\/\/site.zile.bel.tr\/index.php\/wp-json\/wp\/v2\/media\/4697"}],"wp:attachment":[{"href":"https:\/\/site.zile.bel.tr\/index.php\/wp-json\/wp\/v2\/media?parent=4696"}],"wp:term":[{"taxonomy":"category","embeddable":true,"href":"https:\/\/site.zile.bel.tr\/index.php\/wp-json\/wp\/v2\/categories?post=4696"},{"taxonomy":"post_tag","embeddable":true,"href":"https:\/\/site.zile.bel.tr\/index.php\/wp-json\/wp\/v2\/tags?post=4696"}],"curies":[{"name":"wp","href":"https:\/\/api.w.org\/{rel}","templated":true}]}}