{"id":4978,"date":"2023-02-06T13:13:15","date_gmt":"2023-02-06T10:13:15","guid":{"rendered":"http:\/\/site.zile.bel.tr\/?p=4978"},"modified":"2023-02-06T13:13:15","modified_gmt":"2023-02-06T10:13:15","slug":"kahramanmaras-merkezli-meydana-gelen-7-4-buyuklugundeki-depremden-etkilenen-tum-yurttaslarimiza-gecmis-olsun-dileklerimi-iletiyorum","status":"publish","type":"post","link":"https:\/\/site.zile.bel.tr\/index.php\/2023\/02\/06\/kahramanmaras-merkezli-meydana-gelen-7-4-buyuklugundeki-depremden-etkilenen-tum-yurttaslarimiza-gecmis-olsun-dileklerimi-iletiyorum\/","title":{"rendered":"Kahramanmara\u015f Merkezli Meydana Gelen 7.4 B\u00fcy\u00fckl\u00fc\u011f\u00fcndeki Depremden Etkilenen T\u00fcm Yurtta\u015flar\u0131m\u0131za Ge\u00e7mi\u015f Olsun Dileklerimi \u0130letiyorum"},"content":{"rendered":"<p>Kahramanmara\u015f merkezli meydana gelen<br \/>\n7.4 b\u00fcy\u00fckl\u00fc\u011f\u00fcndeki depremden etkilenen t\u00fcm yurtta\u015flar\u0131m\u0131za ge\u00e7mi\u015f olsun dileklerimi iletiyorum.<\/p>\n<p>\u015e\u00fckr\u00fc SARGIN<br \/>\nZile Belediye Ba\u015fkan\u0131<\/p>\n<p><img loading=\"lazy\" decoding=\"async\" class=\"alignnone wp-image-4979\" src=\"http:\/\/site.zile.bel.tr\/wp-content\/uploads\/2023\/02\/329683078_752141739382575_3351322523620982441_n-300x156.jpg\" alt=\"\" width=\"800\" height=\"415\" srcset=\"https:\/\/site.zile.bel.tr\/wp-content\/uploads\/2023\/02\/329683078_752141739382575_3351322523620982441_n-300x156.jpg 300w, https:\/\/site.zile.bel.tr\/wp-content\/uploads\/2023\/02\/329683078_752141739382575_3351322523620982441_n.jpg 769w\" sizes=\"auto, (max-width: 800px) 100vw, 800px\" \/><\/p>\n","protected":false},"excerpt":{"rendered":"<p>Kahramanmara\u015f merkezli meydana gelen 7.4 b\u00fcy\u00fckl\u00fc\u011f\u00fcndeki depremden etkilenen t\u00fcm yurtta\u015flar\u0131m\u0131za ge\u00e7mi\u015f olsun dileklerimi iletiyorum. \u015e\u00fckr\u00fc SARGIN Zile Belediye Ba\u015fkan\u0131<\/p>\n","protected":false},"author":1,"featured_media":4979,"comment_status":"open","ping_status":"open","sticky":false,"template":"","format":"standard","meta":{"footnotes":""},"categories":[11],"tags":[],"class_list":["post-4978","post","type-post","status-publish","format-standard","has-post-thumbnail","hentry","category-haberler"],"_links":{"self":[{"href":"https:\/\/site.zile.bel.tr\/index.php\/wp-json\/wp\/v2\/posts\/4978","targetHints":{"allow":["GET"]}}],"collection":[{"href":"https:\/\/site.zile.bel.tr\/index.php\/wp-json\/wp\/v2\/posts"}],"about":[{"href":"https:\/\/site.zile.bel.tr\/index.php\/wp-json\/wp\/v2\/types\/post"}],"author":[{"embeddable":true,"href":"https:\/\/site.zile.bel.tr\/index.php\/wp-json\/wp\/v2\/users\/1"}],"replies":[{"embeddable":true,"href":"https:\/\/site.zile.bel.tr\/index.php\/wp-json\/wp\/v2\/comments?post=4978"}],"version-history":[{"count":1,"href":"https:\/\/site.zile.bel.tr\/index.php\/wp-json\/wp\/v2\/posts\/4978\/revisions"}],"predecessor-version":[{"id":4980,"href":"https:\/\/site.zile.bel.tr\/index.php\/wp-json\/wp\/v2\/posts\/4978\/revisions\/4980"}],"wp:featuredmedia":[{"embeddable":true,"href":"https:\/\/site.zile.bel.tr\/index.php\/wp-json\/wp\/v2\/media\/4979"}],"wp:attachment":[{"href":"https:\/\/site.zile.bel.tr\/index.php\/wp-json\/wp\/v2\/media?parent=4978"}],"wp:term":[{"taxonomy":"category","embeddable":true,"href":"https:\/\/site.zile.bel.tr\/index.php\/wp-json\/wp\/v2\/categories?post=4978"},{"taxonomy":"post_tag","embeddable":true,"href":"https:\/\/site.zile.bel.tr\/index.php\/wp-json\/wp\/v2\/tags?post=4978"}],"curies":[{"name":"wp","href":"https:\/\/api.w.org\/{rel}","templated":true}]}}