{"id":4981,"date":"2023-02-06T13:15:19","date_gmt":"2023-02-06T10:15:19","guid":{"rendered":"http:\/\/site.zile.bel.tr\/?p=4981"},"modified":"2023-02-06T13:15:19","modified_gmt":"2023-02-06T10:15:19","slug":"zile-yardim-elini-deprem-bolgesine-uzatacak","status":"publish","type":"post","link":"https:\/\/site.zile.bel.tr\/index.php\/2023\/02\/06\/zile-yardim-elini-deprem-bolgesine-uzatacak\/","title":{"rendered":"Zile Yard\u0131m Elini Deprem B\u00f6lgesine Uzatacak"},"content":{"rendered":"<div class=\"x11i5rnm xat24cr x1mh8g0r x1vvkbs xdj266r x126k92a\">\n<div dir=\"auto\">Zile yard\u0131m elini deprem b\u00f6lgesine uzatacak<\/div>\n<\/div>\n<div class=\"x11i5rnm xat24cr x1mh8g0r x1vvkbs xtlvy1s x126k92a\">\n<div dir=\"auto\">Kahramanmara\u015f merkezli 7.4 b\u00fcy\u00fckl\u00fc\u011f\u00fcndeki deprem 10 kentimizi vurdu. Zile Belediyesi, Zilelilerin yard\u0131m elini b\u00f6lgeye ula\u015ft\u0131r\u0131p yaralar\u0131n sar\u0131lmas\u0131na katk\u0131 sunmak i\u00e7in yard\u0131m kampanyas\u0131 ba\u015flatt\u0131.<\/div>\n<div dir=\"auto\">Battaniye, \u00e7ad\u0131r, giysi, g\u0131da ve bebek bezi ba\u015fta olmak \u00fczere her t\u00fcrl\u00fc yard\u0131m malzemesi AFAD ve ilgili kurumlar\u0131n koordinasyonuyla b\u00f6lgeye ula\u015ft\u0131r\u0131lacak.<\/div>\n<\/div>\n<div class=\"x11i5rnm xat24cr x1mh8g0r x1vvkbs xtlvy1s x126k92a\">\n<div dir=\"auto\">Zile\u2019de yard\u0131mlar Zile Belediyesi giri\u015f kat\u0131nda olu\u015fturulan Yard\u0131m Merkezi&#8217;ne veya kaymakaml\u0131k hizmet binas\u0131na getirilebiliyor.<\/div>\n<div dir=\"auto\">H\u0131zl\u0131 bir \u015fekilde Yard\u0131m Merkezi kurduklar\u0131n\u0131 belirten Zile Belediye Ba\u015fkan\u0131 \u015e\u00fckr\u00fc Sarg\u0131n \u201c\u00c7ok \u00fczg\u00fcn\u00fcz. Dualar\u0131m\u0131z enkaz alt\u0131ndaki vatanda\u015flar\u0131m\u0131zla, yaral\u0131 vatanda\u015flar\u0131m\u0131zla. Kurtarma ekiplerimize kolayl\u0131klar diliyoruz. Hepimizin y\u00fcre\u011fi sars\u0131ld\u0131. Ancak biliyoruz ki b\u00f6yle zor zamanlar dayan\u0131\u015fmayla a\u015f\u0131labilir. Bizde k\u0131\u015f\u0131n bu zor g\u00fcnlerinde ihtiya\u00e7 duyulan \u00fcr\u00fcnlerin b\u00f6lgeye ula\u015ft\u0131r\u0131lmas\u0131 i\u00e7in yard\u0131m kampanyas\u0131 ba\u015flatt\u0131k. Felakette ya\u015fam\u0131n\u0131 yitirenlere Allah&#8217;tan rahmet, yaralananlara acil \u015fifalar diliyorum. T\u00fcm vatanda\u015flar\u0131m\u0131za ge\u00e7mi\u015f olsun dileklerimizi sunuyorum. Akl\u0131m\u0131z ve y\u00fcre\u011fimiz deprem b\u00f6lgesinde\u201d dedi.<\/div>\n<div dir=\"auto\"><img loading=\"lazy\" decoding=\"async\" class=\"alignnone wp-image-4982\" src=\"http:\/\/site.zile.bel.tr\/wp-content\/uploads\/2023\/02\/329686749_1193260988229171_120587023268934743_n-300x300.jpg\" alt=\"\" width=\"800\" height=\"800\" srcset=\"https:\/\/site.zile.bel.tr\/wp-content\/uploads\/2023\/02\/329686749_1193260988229171_120587023268934743_n-300x300.jpg 300w, https:\/\/site.zile.bel.tr\/wp-content\/uploads\/2023\/02\/329686749_1193260988229171_120587023268934743_n-150x150.jpg 150w, https:\/\/site.zile.bel.tr\/wp-content\/uploads\/2023\/02\/329686749_1193260988229171_120587023268934743_n-768x768.jpg 768w, https:\/\/site.zile.bel.tr\/wp-content\/uploads\/2023\/02\/329686749_1193260988229171_120587023268934743_n.jpg 960w\" sizes=\"auto, (max-width: 800px) 100vw, 800px\" \/><\/div>\n<\/div>\n","protected":false},"excerpt":{"rendered":"<p>Zile yard\u0131m elini deprem b\u00f6lgesine uzatacak Kahramanmara\u015f merkezli 7.4 b\u00fcy\u00fckl\u00fc\u011f\u00fcndeki deprem 10 kentimizi vurdu. Zile Belediyesi, Zilelilerin yard\u0131m elini b\u00f6lgeye ula\u015ft\u0131r\u0131p yaralar\u0131n sar\u0131lmas\u0131na katk\u0131 sunmak i\u00e7in yard\u0131m kampanyas\u0131 ba\u015flatt\u0131. Battaniye, \u00e7ad\u0131r, giysi, g\u0131da ve bebek bezi ba\u015fta olmak \u00fczere her t\u00fcrl\u00fc yard\u0131m malzemesi AFAD ve ilgili kurumlar\u0131n koordinasyonuyla b\u00f6lgeye ula\u015ft\u0131r\u0131lacak. Zile\u2019de yard\u0131mlar Zile Belediyesi giri\u015f [&hellip;]<\/p>\n","protected":false},"author":1,"featured_media":4982,"comment_status":"open","ping_status":"open","sticky":false,"template":"","format":"standard","meta":{"footnotes":""},"categories":[11],"tags":[],"class_list":["post-4981","post","type-post","status-publish","format-standard","has-post-thumbnail","hentry","category-haberler"],"_links":{"self":[{"href":"https:\/\/site.zile.bel.tr\/index.php\/wp-json\/wp\/v2\/posts\/4981","targetHints":{"allow":["GET"]}}],"collection":[{"href":"https:\/\/site.zile.bel.tr\/index.php\/wp-json\/wp\/v2\/posts"}],"about":[{"href":"https:\/\/site.zile.bel.tr\/index.php\/wp-json\/wp\/v2\/types\/post"}],"author":[{"embeddable":true,"href":"https:\/\/site.zile.bel.tr\/index.php\/wp-json\/wp\/v2\/users\/1"}],"replies":[{"embeddable":true,"href":"https:\/\/site.zile.bel.tr\/index.php\/wp-json\/wp\/v2\/comments?post=4981"}],"version-history":[{"count":1,"href":"https:\/\/site.zile.bel.tr\/index.php\/wp-json\/wp\/v2\/posts\/4981\/revisions"}],"predecessor-version":[{"id":4983,"href":"https:\/\/site.zile.bel.tr\/index.php\/wp-json\/wp\/v2\/posts\/4981\/revisions\/4983"}],"wp:featuredmedia":[{"embeddable":true,"href":"https:\/\/site.zile.bel.tr\/index.php\/wp-json\/wp\/v2\/media\/4982"}],"wp:attachment":[{"href":"https:\/\/site.zile.bel.tr\/index.php\/wp-json\/wp\/v2\/media?parent=4981"}],"wp:term":[{"taxonomy":"category","embeddable":true,"href":"https:\/\/site.zile.bel.tr\/index.php\/wp-json\/wp\/v2\/categories?post=4981"},{"taxonomy":"post_tag","embeddable":true,"href":"https:\/\/site.zile.bel.tr\/index.php\/wp-json\/wp\/v2\/tags?post=4981"}],"curies":[{"name":"wp","href":"https:\/\/api.w.org\/{rel}","templated":true}]}}