{"id":5604,"date":"2023-05-16T11:00:02","date_gmt":"2023-05-16T08:00:02","guid":{"rendered":"http:\/\/site.zile.bel.tr\/?p=5604"},"modified":"2023-05-17T14:36:20","modified_gmt":"2023-05-17T11:36:20","slug":"kahraman-sehidimize-allahtan-rahmet-ailesi-ve-jandarma-teskilatimiza-bassagligi-yaralilarimiza-acil-sifalar-dilerim","status":"publish","type":"post","link":"https:\/\/site.zile.bel.tr\/index.php\/2023\/05\/16\/kahraman-sehidimize-allahtan-rahmet-ailesi-ve-jandarma-teskilatimiza-bassagligi-yaralilarimiza-acil-sifalar-dilerim\/","title":{"rendered":"Kahraman \u015eehidimize Allah\u2019tan Rahmet, Ailesi ve Jandarma Te\u015fkilat\u0131m\u0131za Ba\u015fsa\u011fl\u0131\u011f\u0131, Yaral\u0131lar\u0131m\u0131za Acil \u015eifalar Dilerim"},"content":{"rendered":"<div class=\"xdj266r x11i5rnm xat24cr x1mh8g0r x1vvkbs x126k92a\">\n<div dir=\"auto\">\u015e\u0131rnak\u2019\u0131n Bestler Dereler b\u00f6lgesinde ter\u00f6ristlerle \u00e7\u0131kan \u00e7at\u0131\u015fmada Jandarma Uzman \u00c7avu\u015f Bayram Do\u011fan \u015fehit d\u00fc\u015ft\u00fc.<\/div>\n<div dir=\"auto\">Do\u011fan\u2019\u0131n ac\u0131 haberi Turhal\u2019a ba\u011fl\u0131 \u00c7ay\u0131ralt\u0131 k\u00f6y\u00fcnde ya\u015fayan ailesine verildi.<\/div>\n<div dir=\"auto\">Kahraman \u015eehidimize Allah\u2019tan rahmet, ailesi ve Jandarma Te\u015fkilat\u0131m\u0131za ba\u015fsa\u011fl\u0131\u011f\u0131, yaral\u0131lar\u0131m\u0131za acil \u015fifalar dilerim.<\/div>\n<div dir=\"auto\"><\/div>\n<\/div>\n<div class=\"x11i5rnm xat24cr x1mh8g0r x1vvkbs xtlvy1s x126k92a\">\n<div dir=\"auto\">\u015e\u00fckr\u00fc SARGIN<\/div>\n<div dir=\"auto\">Zile Belediye Ba\u015fkan\u0131<\/div>\n<\/div>\n<div dir=\"auto\"><img loading=\"lazy\" decoding=\"async\" class=\"alignnone wp-image-5605\" src=\"http:\/\/site.zile.bel.tr\/wp-content\/uploads\/2023\/05\/347405884_1265462427690108_1596596725957457189_n-200x300.jpg\" alt=\"\" width=\"800\" height=\"1200\" srcset=\"https:\/\/site.zile.bel.tr\/wp-content\/uploads\/2023\/05\/347405884_1265462427690108_1596596725957457189_n-200x300.jpg 200w, https:\/\/site.zile.bel.tr\/wp-content\/uploads\/2023\/05\/347405884_1265462427690108_1596596725957457189_n.jpg 640w\" sizes=\"auto, (max-width: 800px) 100vw, 800px\" \/><\/div>\n","protected":false},"excerpt":{"rendered":"<p>\u015e\u0131rnak\u2019\u0131n Bestler Dereler b\u00f6lgesinde ter\u00f6ristlerle \u00e7\u0131kan \u00e7at\u0131\u015fmada Jandarma Uzman \u00c7avu\u015f Bayram Do\u011fan \u015fehit d\u00fc\u015ft\u00fc. Do\u011fan\u2019\u0131n ac\u0131 haberi Turhal\u2019a ba\u011fl\u0131 \u00c7ay\u0131ralt\u0131 k\u00f6y\u00fcnde ya\u015fayan ailesine verildi. Kahraman \u015eehidimize Allah\u2019tan rahmet, ailesi ve Jandarma Te\u015fkilat\u0131m\u0131za ba\u015fsa\u011fl\u0131\u011f\u0131, yaral\u0131lar\u0131m\u0131za acil \u015fifalar dilerim. \u015e\u00fckr\u00fc SARGIN Zile Belediye Ba\u015fkan\u0131<\/p>\n","protected":false},"author":1,"featured_media":5605,"comment_status":"open","ping_status":"open","sticky":false,"template":"","format":"standard","meta":{"footnotes":""},"categories":[11],"tags":[],"class_list":["post-5604","post","type-post","status-publish","format-standard","has-post-thumbnail","hentry","category-haberler"],"_links":{"self":[{"href":"https:\/\/site.zile.bel.tr\/index.php\/wp-json\/wp\/v2\/posts\/5604","targetHints":{"allow":["GET"]}}],"collection":[{"href":"https:\/\/site.zile.bel.tr\/index.php\/wp-json\/wp\/v2\/posts"}],"about":[{"href":"https:\/\/site.zile.bel.tr\/index.php\/wp-json\/wp\/v2\/types\/post"}],"author":[{"embeddable":true,"href":"https:\/\/site.zile.bel.tr\/index.php\/wp-json\/wp\/v2\/users\/1"}],"replies":[{"embeddable":true,"href":"https:\/\/site.zile.bel.tr\/index.php\/wp-json\/wp\/v2\/comments?post=5604"}],"version-history":[{"count":1,"href":"https:\/\/site.zile.bel.tr\/index.php\/wp-json\/wp\/v2\/posts\/5604\/revisions"}],"predecessor-version":[{"id":5606,"href":"https:\/\/site.zile.bel.tr\/index.php\/wp-json\/wp\/v2\/posts\/5604\/revisions\/5606"}],"wp:featuredmedia":[{"embeddable":true,"href":"https:\/\/site.zile.bel.tr\/index.php\/wp-json\/wp\/v2\/media\/5605"}],"wp:attachment":[{"href":"https:\/\/site.zile.bel.tr\/index.php\/wp-json\/wp\/v2\/media?parent=5604"}],"wp:term":[{"taxonomy":"category","embeddable":true,"href":"https:\/\/site.zile.bel.tr\/index.php\/wp-json\/wp\/v2\/categories?post=5604"},{"taxonomy":"post_tag","embeddable":true,"href":"https:\/\/site.zile.bel.tr\/index.php\/wp-json\/wp\/v2\/tags?post=5604"}],"curies":[{"name":"wp","href":"https:\/\/api.w.org\/{rel}","templated":true}]}}