{"id":5808,"date":"2023-06-14T16:02:19","date_gmt":"2023-06-14T13:02:19","guid":{"rendered":"http:\/\/site.zile.bel.tr\/?p=5808"},"modified":"2023-06-14T16:02:46","modified_gmt":"2023-06-14T13:02:46","slug":"5808","status":"publish","type":"post","link":"https:\/\/site.zile.bel.tr\/index.php\/2023\/06\/14\/5808\/","title":{"rendered":"Zile\u2019de Antika Pazar\u0131 Kurulacak"},"content":{"rendered":"<div class=\"xdj266r x11i5rnm xat24cr x1mh8g0r x1vvkbs x126k92a\">\n<div dir=\"auto\">Zile\u2019de Antika Pazar\u0131 Kurulacak<\/div>\n<div dir=\"auto\"><\/div>\n<\/div>\n<div class=\"x11i5rnm xat24cr x1mh8g0r x1vvkbs xtlvy1s x126k92a\">\n<div dir=\"auto\">Zile Belediye Ba\u015fkan\u0131 \u015e\u00fckr\u00fc Sarg\u0131n, &#8220;\u0130kinci El \u00dcr\u00fcnler ve Antika Pazar\u0131\u2019n\u0131 \u00c7ar\u015f\u0131 Park alan\u0131m\u0131zda hizmete sunaca\u011f\u0131z.&#8221;<\/div>\n<div dir=\"auto\"><\/div>\n<\/div>\n<div class=\"x11i5rnm xat24cr x1mh8g0r x1vvkbs xtlvy1s x126k92a\">\n<div dir=\"auto\">\u015e\u00fckr\u00fc Sarg\u0131n, Vatanda\u015flar\u0131 Her Cumartesi \u00c7ar\u015f\u0131 Park Antika Pazar\u0131na Davet Ediyor<\/div>\n<div dir=\"auto\"><\/div>\n<\/div>\n<div class=\"x11i5rnm xat24cr x1mh8g0r x1vvkbs xtlvy1s x126k92a\">\n<div dir=\"auto\">Yak\u0131n Ge\u00e7mi\u015fimize Yolculuk \u0130\u00e7in Heyecan Verici Bir F\u0131rsat<\/div>\n<div dir=\"auto\"><\/div>\n<\/div>\n<div class=\"x11i5rnm xat24cr x1mh8g0r x1vvkbs xtlvy1s x126k92a\">\n<div dir=\"auto\">\u015eehrimizdeki antika merakl\u0131lar\u0131 ve ge\u00e7mi\u015fin objelerinin tutkunlar\u0131 i\u00e7in heyecan verici bir haber var!<\/div>\n<\/div>\n<div class=\"x11i5rnm xat24cr x1mh8g0r x1vvkbs xtlvy1s x126k92a\">\n<div dir=\"auto\">Belediye Ba\u015fkan\u0131 \u015e\u00fckr\u00fc Sarg\u0131n, yapt\u0131\u011f\u0131 a\u00e7\u0131klamayla, Zile\u2019de bir antika pazar\u0131n\u0131n kurulaca\u011f\u0131n\u0131 duyurdu. &#8220;\u00c7ar\u015f\u0131 Park Antika Pazar\u0131&#8221; ad\u0131yla an\u0131lan bu etkinlik, b\u00f6lgedeki tarih ve k\u00fclt\u00fcr miras\u0131n\u0131 ke\u015ffetmek isteyen herkesi a\u011f\u0131rlamaya haz\u0131rlan\u0131yor.<\/div>\n<div dir=\"auto\"><\/div>\n<div dir=\"auto\">Ba\u015fkan Sarg\u0131n, yak\u0131n tarihimizin \u00f6nemini vurgulayarak, \u00c7ar\u015f\u0131 Park Antika Pazar\u0131&#8217;n\u0131n a\u00e7\u0131l\u0131\u015f\u0131yla, ge\u00e7mi\u015fimize olan sevgimizi ve sayg\u0131m\u0131z\u0131 bir kez daha ifade ediyoruz. Bu pazarda yer alacak antika e\u015fyalar, ge\u00e7mi\u015fimize yolculuk yapmam\u0131z\u0131 sa\u011flayacak de\u011ferli par\u00e7alard\u0131r. Tarihimize dair bir\u00e7ok hik\u00e2yeyi, bu pazarda ke\u015ffedece\u011fimiz antika e\u015fyalar arac\u0131l\u0131\u011f\u0131yla ya\u015fayabiliriz&#8221; dedi.<\/div>\n<div dir=\"auto\"><\/div>\n<\/div>\n<div class=\"x11i5rnm xat24cr x1mh8g0r x1vvkbs xtlvy1s x126k92a\">\n<div dir=\"auto\">\u00c7ar\u015f\u0131 Park Antika Pazar\u0131, \u015fehrin kalbinde yer alan Ulu Camii\u2019nin yan\u0131nda ve ziyaret\u00e7ilere ho\u015f bir atmosfer sunan \u00c7ar\u015f\u0131 Park Meydan\u0131&#8217;nda kurulacak. Etkinlik boyunca, b\u00f6lgedeki antikac\u0131lar ve tarih merakl\u0131lar\u0131, e\u015fsiz antika par\u00e7alar\u0131n\u0131 sergilemek ve satmak i\u00e7in bir araya gelecekler. Her bir e\u015fya, ge\u00e7mi\u015fin izlerini ta\u015f\u0131yarak, ge\u00e7mi\u015fin g\u00fczelliklerini hat\u0131rlatma amac\u0131n\u0131 ta\u015f\u0131yor olacak.<\/div>\n<div dir=\"auto\"><\/div>\n<\/div>\n<div class=\"x11i5rnm xat24cr x1mh8g0r x1vvkbs xtlvy1s x126k92a\">\n<div dir=\"auto\">Antika pazar\u0131, ziyaret\u00e7ilere geni\u015f bir yelpazede antika e\u015fyalar sunmay\u0131 hedefliyor. Mobilyalar, resimler, m\u00fccevherler, seramikler, saatler ve daha bir\u00e7ok ilgi \u00e7ekici par\u00e7a, zengin bir koleksiyonun par\u00e7as\u0131 olarak pazarda yer alacak.<\/div>\n<\/div>\n<div class=\"x11i5rnm xat24cr x1mh8g0r x1vvkbs xtlvy1s x126k92a\">\n<div dir=\"auto\">Ba\u015fkan Sarg\u0131n, vatanda\u015flar\u0131 bu f\u0131rsat\u0131 ka\u00e7\u0131rmamalar\u0131 konusunda te\u015fvik ediyor. &#8220;\u00c7ar\u015f\u0131 Park Antika Pazar\u0131, \u015fehrimizin tarihine sayg\u0131 duyan herkes i\u00e7in ger\u00e7ekten \u00f6zel bir deneyim olacak. Antikac\u0131lar\u0131m\u0131z ve tarih merakl\u0131lar\u0131, bu etkinlikte bir araya gelerek tarihimize olan sevgimizi bir kez daha hat\u0131rlatacaklar. Herkesi, her Cumartesi ge\u00e7mi\u015fimize duydu\u011fumuz bu ortak sevgi ve sayg\u0131yla \u00c7ar\u015f\u0131 Park Antika Pazar\u0131&#8217;na davet ediyorum&#8221; \u015feklinde konu\u015ftu.<\/div>\n<div dir=\"auto\"><\/div>\n<\/div>\n<div class=\"x11i5rnm xat24cr x1mh8g0r x1vvkbs xtlvy1s x126k92a\">\n<div dir=\"auto\">\u00c7ar\u015f\u0131 Park Antika Pazar\u0131, 17 Haziran Cumartesi tarihinde a\u00e7\u0131lacak ve her Cumartesi \u00c7ar\u015f\u0131 Park alan\u0131nda vatanda\u015flar ile bulu\u015facak.<\/div>\n<div dir=\"auto\"><img loading=\"lazy\" decoding=\"async\" class=\"alignnone wp-image-5809\" src=\"http:\/\/site.zile.bel.tr\/wp-content\/uploads\/2023\/06\/347419662_288323516908738_5453578250043071995_n-300x169.jpg\" alt=\"\" width=\"800\" height=\"450\" srcset=\"https:\/\/site.zile.bel.tr\/wp-content\/uploads\/2023\/06\/347419662_288323516908738_5453578250043071995_n-300x169.jpg 300w, https:\/\/site.zile.bel.tr\/wp-content\/uploads\/2023\/06\/347419662_288323516908738_5453578250043071995_n-768x432.jpg 768w, https:\/\/site.zile.bel.tr\/wp-content\/uploads\/2023\/06\/347419662_288323516908738_5453578250043071995_n.jpg 960w\" sizes=\"auto, (max-width: 800px) 100vw, 800px\" \/><\/div>\n<div dir=\"auto\">\n\n\t\t<style type=\"text\/css\">\n\t\t\t#gallery-1 {\n\t\t\t\tmargin: auto;\n\t\t\t}\n\t\t\t#gallery-1 .gallery-item {\n\t\t\t\tfloat: left;\n\t\t\t\tmargin-top: 10px;\n\t\t\t\ttext-align: center;\n\t\t\t\twidth: 33%;\n\t\t\t}\n\t\t\t#gallery-1 img {\n\t\t\t\tborder: 2px solid #cfcfcf;\n\t\t\t}\n\t\t\t#gallery-1 .gallery-caption {\n\t\t\t\tmargin-left: 0;\n\t\t\t}\n\t\t\t\/* see gallery_shortcode() in wp-includes\/media.php *\/\n\t\t<\/style>\n\t\t<div id='gallery-1' class='gallery galleryid-5808 gallery-columns-3 gallery-size-thumbnail'><dl class='gallery-item'>\n\t\t\t<dt class='gallery-icon landscape'>\n\t\t\t\t<a href='https:\/\/site.zile.bel.tr\/wp-content\/uploads\/2023\/06\/347419662_288323516908738_5453578250043071995_n-1.jpg'><img loading=\"lazy\" decoding=\"async\" width=\"150\" height=\"150\" src=\"https:\/\/site.zile.bel.tr\/wp-content\/uploads\/2023\/06\/347419662_288323516908738_5453578250043071995_n-1-150x150.jpg\" class=\"attachment-thumbnail size-thumbnail\" alt=\"\" \/><\/a>\n\t\t\t<\/dt><\/dl><dl class='gallery-item'>\n\t\t\t<dt class='gallery-icon landscape'>\n\t\t\t\t<a href='https:\/\/site.zile.bel.tr\/wp-content\/uploads\/2023\/06\/347387540_288323546908735_5113580657648823710_n.jpg'><img loading=\"lazy\" decoding=\"async\" width=\"150\" height=\"150\" src=\"https:\/\/site.zile.bel.tr\/wp-content\/uploads\/2023\/06\/347387540_288323546908735_5113580657648823710_n-150x150.jpg\" class=\"attachment-thumbnail size-thumbnail\" alt=\"\" \/><\/a>\n\t\t\t<\/dt><\/dl><dl class='gallery-item'>\n\t\t\t<dt class='gallery-icon landscape'>\n\t\t\t\t<a href='https:\/\/site.zile.bel.tr\/wp-content\/uploads\/2023\/06\/347392046_288323593575397_6229974870024539687_n.jpg'><img loading=\"lazy\" decoding=\"async\" width=\"150\" height=\"150\" src=\"https:\/\/site.zile.bel.tr\/wp-content\/uploads\/2023\/06\/347392046_288323593575397_6229974870024539687_n-150x150.jpg\" class=\"attachment-thumbnail size-thumbnail\" alt=\"\" srcset=\"https:\/\/site.zile.bel.tr\/wp-content\/uploads\/2023\/06\/347392046_288323593575397_6229974870024539687_n-150x150.jpg 150w, https:\/\/site.zile.bel.tr\/wp-content\/uploads\/2023\/06\/347392046_288323593575397_6229974870024539687_n-300x300.jpg 300w, https:\/\/site.zile.bel.tr\/wp-content\/uploads\/2023\/06\/347392046_288323593575397_6229974870024539687_n-768x768.jpg 768w, https:\/\/site.zile.bel.tr\/wp-content\/uploads\/2023\/06\/347392046_288323593575397_6229974870024539687_n.jpg 960w\" sizes=\"auto, (max-width: 150px) 100vw, 150px\" \/><\/a>\n\t\t\t<\/dt><\/dl><br style=\"clear: both\" \/>\n\t\t<\/div>\n\n<\/div>\n<\/div>\n","protected":false},"excerpt":{"rendered":"<p>Zile\u2019de Antika Pazar\u0131 Kurulacak Zile Belediye Ba\u015fkan\u0131 \u015e\u00fckr\u00fc Sarg\u0131n, &#8220;\u0130kinci El \u00dcr\u00fcnler ve Antika Pazar\u0131\u2019n\u0131 \u00c7ar\u015f\u0131 Park alan\u0131m\u0131zda hizmete sunaca\u011f\u0131z.&#8221; \u015e\u00fckr\u00fc Sarg\u0131n, Vatanda\u015flar\u0131 Her Cumartesi \u00c7ar\u015f\u0131 Park Antika Pazar\u0131na Davet Ediyor Yak\u0131n Ge\u00e7mi\u015fimize Yolculuk \u0130\u00e7in Heyecan Verici Bir F\u0131rsat \u015eehrimizdeki antika merakl\u0131lar\u0131 ve ge\u00e7mi\u015fin objelerinin tutkunlar\u0131 i\u00e7in heyecan verici bir haber var! Belediye Ba\u015fkan\u0131 \u015e\u00fckr\u00fc [&hellip;]<\/p>\n","protected":false},"author":1,"featured_media":5809,"comment_status":"open","ping_status":"open","sticky":false,"template":"","format":"standard","meta":{"footnotes":""},"categories":[11],"tags":[],"class_list":["post-5808","post","type-post","status-publish","format-standard","has-post-thumbnail","hentry","category-haberler"],"_links":{"self":[{"href":"https:\/\/site.zile.bel.tr\/index.php\/wp-json\/wp\/v2\/posts\/5808","targetHints":{"allow":["GET"]}}],"collection":[{"href":"https:\/\/site.zile.bel.tr\/index.php\/wp-json\/wp\/v2\/posts"}],"about":[{"href":"https:\/\/site.zile.bel.tr\/index.php\/wp-json\/wp\/v2\/types\/post"}],"author":[{"embeddable":true,"href":"https:\/\/site.zile.bel.tr\/index.php\/wp-json\/wp\/v2\/users\/1"}],"replies":[{"embeddable":true,"href":"https:\/\/site.zile.bel.tr\/index.php\/wp-json\/wp\/v2\/comments?post=5808"}],"version-history":[{"count":2,"href":"https:\/\/site.zile.bel.tr\/index.php\/wp-json\/wp\/v2\/posts\/5808\/revisions"}],"predecessor-version":[{"id":5814,"href":"https:\/\/site.zile.bel.tr\/index.php\/wp-json\/wp\/v2\/posts\/5808\/revisions\/5814"}],"wp:featuredmedia":[{"embeddable":true,"href":"https:\/\/site.zile.bel.tr\/index.php\/wp-json\/wp\/v2\/media\/5809"}],"wp:attachment":[{"href":"https:\/\/site.zile.bel.tr\/index.php\/wp-json\/wp\/v2\/media?parent=5808"}],"wp:term":[{"taxonomy":"category","embeddable":true,"href":"https:\/\/site.zile.bel.tr\/index.php\/wp-json\/wp\/v2\/categories?post=5808"},{"taxonomy":"post_tag","embeddable":true,"href":"https:\/\/site.zile.bel.tr\/index.php\/wp-json\/wp\/v2\/tags?post=5808"}],"curies":[{"name":"wp","href":"https:\/\/api.w.org\/{rel}","templated":true}]}}