{"id":6002,"date":"2023-07-07T16:12:33","date_gmt":"2023-07-07T13:12:33","guid":{"rendered":"http:\/\/site.zile.bel.tr\/?p=6002"},"modified":"2023-07-07T16:12:33","modified_gmt":"2023-07-07T13:12:33","slug":"karga-pinari-mevkiinde-yeni-yuruyus-yolu-vatandaslarimizin-hizmetine-acildi","status":"publish","type":"post","link":"https:\/\/site.zile.bel.tr\/index.php\/2023\/07\/07\/karga-pinari-mevkiinde-yeni-yuruyus-yolu-vatandaslarimizin-hizmetine-acildi\/","title":{"rendered":"Karga P\u0131nar\u0131 Mevkiinde Yeni Y\u00fcr\u00fcy\u00fc\u015f Yolu Vatanda\u015flar\u0131m\u0131z\u0131n Hizmetine A\u00e7\u0131ld\u0131"},"content":{"rendered":"<div class=\"xdj266r x11i5rnm xat24cr x1mh8g0r x1vvkbs x126k92a\">\n<div dir=\"auto\">Karga P\u0131nar\u0131 Mevkiinde Yeni Y\u00fcr\u00fcy\u00fc\u015f Yolu Vatanda\u015flar\u0131m\u0131z\u0131n Hizmetine A\u00e7\u0131ld\u0131<\/div>\n<div dir=\"auto\"><\/div>\n<\/div>\n<div class=\"x11i5rnm xat24cr x1mh8g0r x1vvkbs xtlvy1s x126k92a\">\n<div dir=\"auto\">Karga P\u0131nar\u0131 mevkiinde ger\u00e7ekle\u015ftirilen Mevlana Caddesi ve U\u011fur Mumcu Caddesi d\u00f6n\u00fc\u015f\u00fcm projesi tamamland\u0131. Yap\u0131lan \u00e7al\u0131\u015fmalar sonucunda 2850 metre kare bord\u00fcr d\u00f6\u015feme ve tretuvar yap\u0131m\u0131, 57 adet al\u00fcminyum armat\u00fcrl\u00fc \u0131\u015f\u0131kland\u0131rma ve 10 bin metre kare asfalt \u00e7al\u0131\u015fmalar\u0131 ger\u00e7ekle\u015ftirildi. Bu kapsaml\u0131 projenin ard\u0131ndan, b\u00f6lgede yeni bir y\u00fcr\u00fcy\u00fc\u015f yolu olu\u015fturuldu ve vatanda\u015flar\u0131m\u0131z\u0131n hizmetine sunuldu.<\/div>\n<div dir=\"auto\"><\/div>\n<\/div>\n<div class=\"x11i5rnm xat24cr x1mh8g0r x1vvkbs xtlvy1s x126k92a\">\n<div dir=\"auto\">Y\u0131llarca bozuk yollardan ve yetersiz y\u00fcr\u00fcy\u00fc\u015f imkanlar\u0131ndan \u015fikayet eden Karga P\u0131nar\u0131 mevki sakinleri, uzun bir bekleyi\u015fin ard\u0131ndan bu \u00f6nemli d\u00f6n\u00fc\u015f\u00fcm projesinin tamamlanmas\u0131yla sevin\u00e7lerini ifade ettiler.<\/div>\n<div dir=\"auto\"><\/div>\n<\/div>\n<div class=\"x11i5rnm xat24cr x1mh8g0r x1vvkbs xtlvy1s x126k92a\">\n<div dir=\"auto\">Mevlana Caddesi ve U\u011fur Mumcu Caddesi&#8217;ne yap\u0131lan bord\u00fcr d\u00f6\u015feme ve tretuvar \u00e7al\u0131\u015fmalar\u0131 sayesinde yaya g\u00fcvenli\u011fi art\u0131r\u0131ld\u0131 ve engelli bireylerin ula\u015f\u0131m\u0131 kolayla\u015ft\u0131r\u0131ld\u0131. Ayr\u0131ca, proje kapsam\u0131nda ger\u00e7ekle\u015ftirilen 57 adet al\u00fcminyum armat\u00fcrl\u00fc \u0131\u015f\u0131kland\u0131rma, gece saatlerinde y\u00fcr\u00fcy\u00fc\u015f yapan vatanda\u015flar\u0131m\u0131z\u0131n g\u00fcvenli\u011fini sa\u011flamak amac\u0131yla yerle\u015ftirildi. I\u015f\u0131klar\u0131n \u00e7evreye yayd\u0131\u011f\u0131 ayd\u0131nlatma sayesinde Karga P\u0131nar\u0131 mevki, g\u00fcvenli ve ayd\u0131nl\u0131k bir ortam sunmaktad\u0131r.<\/div>\n<div dir=\"auto\"><img loading=\"lazy\" decoding=\"async\" class=\"alignnone wp-image-6003\" src=\"http:\/\/site.zile.bel.tr\/wp-content\/uploads\/2023\/07\/358526493_302094805531609_1607103202193993721_n-300x200.jpg\" alt=\"\" width=\"800\" height=\"533\" srcset=\"https:\/\/site.zile.bel.tr\/wp-content\/uploads\/2023\/07\/358526493_302094805531609_1607103202193993721_n-300x200.jpg 300w, https:\/\/site.zile.bel.tr\/wp-content\/uploads\/2023\/07\/358526493_302094805531609_1607103202193993721_n-768x512.jpg 768w, https:\/\/site.zile.bel.tr\/wp-content\/uploads\/2023\/07\/358526493_302094805531609_1607103202193993721_n.jpg 1024w\" sizes=\"auto, (max-width: 800px) 100vw, 800px\" \/><\/div>\n<div dir=\"auto\">\n\n\t\t<style type=\"text\/css\">\n\t\t\t#gallery-1 {\n\t\t\t\tmargin: auto;\n\t\t\t}\n\t\t\t#gallery-1 .gallery-item {\n\t\t\t\tfloat: left;\n\t\t\t\tmargin-top: 10px;\n\t\t\t\ttext-align: center;\n\t\t\t\twidth: 33%;\n\t\t\t}\n\t\t\t#gallery-1 img {\n\t\t\t\tborder: 2px solid #cfcfcf;\n\t\t\t}\n\t\t\t#gallery-1 .gallery-caption {\n\t\t\t\tmargin-left: 0;\n\t\t\t}\n\t\t\t\/* see gallery_shortcode() in wp-includes\/media.php *\/\n\t\t<\/style>\n\t\t<div id='gallery-1' class='gallery galleryid-6002 gallery-columns-3 gallery-size-thumbnail'><dl class='gallery-item'>\n\t\t\t<dt class='gallery-icon landscape'>\n\t\t\t\t<a href='https:\/\/site.zile.bel.tr\/wp-content\/uploads\/2023\/07\/358526493_302094805531609_1607103202193993721_n-1.jpg'><img loading=\"lazy\" decoding=\"async\" width=\"150\" height=\"150\" src=\"https:\/\/site.zile.bel.tr\/wp-content\/uploads\/2023\/07\/358526493_302094805531609_1607103202193993721_n-1-150x150.jpg\" class=\"attachment-thumbnail size-thumbnail\" alt=\"\" \/><\/a>\n\t\t\t<\/dt><\/dl><dl class='gallery-item'>\n\t\t\t<dt class='gallery-icon landscape'>\n\t\t\t\t<a href='https:\/\/site.zile.bel.tr\/wp-content\/uploads\/2023\/07\/358540794_302094672198289_2944680211916071497_n.jpg'><img loading=\"lazy\" decoding=\"async\" width=\"150\" height=\"150\" src=\"https:\/\/site.zile.bel.tr\/wp-content\/uploads\/2023\/07\/358540794_302094672198289_2944680211916071497_n-150x150.jpg\" class=\"attachment-thumbnail size-thumbnail\" alt=\"\" \/><\/a>\n\t\t\t<\/dt><\/dl><dl class='gallery-item'>\n\t\t\t<dt class='gallery-icon landscape'>\n\t\t\t\t<a href='https:\/\/site.zile.bel.tr\/wp-content\/uploads\/2023\/07\/358651827_302094535531636_6214975595436286135_n.jpg'><img loading=\"lazy\" decoding=\"async\" width=\"150\" height=\"150\" src=\"https:\/\/site.zile.bel.tr\/wp-content\/uploads\/2023\/07\/358651827_302094535531636_6214975595436286135_n-150x150.jpg\" class=\"attachment-thumbnail size-thumbnail\" alt=\"\" \/><\/a>\n\t\t\t<\/dt><\/dl><br style=\"clear: both\" \/><dl class='gallery-item'>\n\t\t\t<dt class='gallery-icon landscape'>\n\t\t\t\t<a href='https:\/\/site.zile.bel.tr\/wp-content\/uploads\/2023\/07\/358388641_302094748864948_5145610992422075592_n.jpg'><img loading=\"lazy\" decoding=\"async\" width=\"150\" height=\"150\" src=\"https:\/\/site.zile.bel.tr\/wp-content\/uploads\/2023\/07\/358388641_302094748864948_5145610992422075592_n-150x150.jpg\" class=\"attachment-thumbnail size-thumbnail\" alt=\"\" \/><\/a>\n\t\t\t<\/dt><\/dl><dl class='gallery-item'>\n\t\t\t<dt class='gallery-icon landscape'>\n\t\t\t\t<a href='https:\/\/site.zile.bel.tr\/wp-content\/uploads\/2023\/07\/357701333_302094612198295_1424351395999738989_n-1.jpg'><img loading=\"lazy\" decoding=\"async\" width=\"150\" height=\"150\" src=\"https:\/\/site.zile.bel.tr\/wp-content\/uploads\/2023\/07\/357701333_302094612198295_1424351395999738989_n-1-150x150.jpg\" class=\"attachment-thumbnail size-thumbnail\" alt=\"\" \/><\/a>\n\t\t\t<\/dt><\/dl>\n\t\t\t<br style='clear: both' \/>\n\t\t<\/div>\n\n<\/div>\n<\/div>\n","protected":false},"excerpt":{"rendered":"<p>Karga P\u0131nar\u0131 Mevkiinde Yeni Y\u00fcr\u00fcy\u00fc\u015f Yolu Vatanda\u015flar\u0131m\u0131z\u0131n Hizmetine A\u00e7\u0131ld\u0131 Karga P\u0131nar\u0131 mevkiinde ger\u00e7ekle\u015ftirilen Mevlana Caddesi ve U\u011fur Mumcu Caddesi d\u00f6n\u00fc\u015f\u00fcm projesi tamamland\u0131. Yap\u0131lan \u00e7al\u0131\u015fmalar sonucunda 2850 metre kare bord\u00fcr d\u00f6\u015feme ve tretuvar yap\u0131m\u0131, 57 adet al\u00fcminyum armat\u00fcrl\u00fc \u0131\u015f\u0131kland\u0131rma ve 10 bin metre kare asfalt \u00e7al\u0131\u015fmalar\u0131 ger\u00e7ekle\u015ftirildi. Bu kapsaml\u0131 projenin ard\u0131ndan, b\u00f6lgede yeni bir y\u00fcr\u00fcy\u00fc\u015f yolu [&hellip;]<\/p>\n","protected":false},"author":1,"featured_media":6005,"comment_status":"open","ping_status":"open","sticky":false,"template":"","format":"standard","meta":{"footnotes":""},"categories":[11],"tags":[],"class_list":["post-6002","post","type-post","status-publish","format-standard","has-post-thumbnail","hentry","category-haberler"],"_links":{"self":[{"href":"https:\/\/site.zile.bel.tr\/index.php\/wp-json\/wp\/v2\/posts\/6002","targetHints":{"allow":["GET"]}}],"collection":[{"href":"https:\/\/site.zile.bel.tr\/index.php\/wp-json\/wp\/v2\/posts"}],"about":[{"href":"https:\/\/site.zile.bel.tr\/index.php\/wp-json\/wp\/v2\/types\/post"}],"author":[{"embeddable":true,"href":"https:\/\/site.zile.bel.tr\/index.php\/wp-json\/wp\/v2\/users\/1"}],"replies":[{"embeddable":true,"href":"https:\/\/site.zile.bel.tr\/index.php\/wp-json\/wp\/v2\/comments?post=6002"}],"version-history":[{"count":1,"href":"https:\/\/site.zile.bel.tr\/index.php\/wp-json\/wp\/v2\/posts\/6002\/revisions"}],"predecessor-version":[{"id":6009,"href":"https:\/\/site.zile.bel.tr\/index.php\/wp-json\/wp\/v2\/posts\/6002\/revisions\/6009"}],"wp:featuredmedia":[{"embeddable":true,"href":"https:\/\/site.zile.bel.tr\/index.php\/wp-json\/wp\/v2\/media\/6005"}],"wp:attachment":[{"href":"https:\/\/site.zile.bel.tr\/index.php\/wp-json\/wp\/v2\/media?parent=6002"}],"wp:term":[{"taxonomy":"category","embeddable":true,"href":"https:\/\/site.zile.bel.tr\/index.php\/wp-json\/wp\/v2\/categories?post=6002"},{"taxonomy":"post_tag","embeddable":true,"href":"https:\/\/site.zile.bel.tr\/index.php\/wp-json\/wp\/v2\/tags?post=6002"}],"curies":[{"name":"wp","href":"https:\/\/api.w.org\/{rel}","templated":true}]}}