{"id":6217,"date":"2023-09-09T09:27:18","date_gmt":"2023-09-09T06:27:18","guid":{"rendered":"https:\/\/site.zile.bel.tr\/?p=6217"},"modified":"2023-09-14T09:29:34","modified_gmt":"2023-09-14T06:29:34","slug":"zile-belediyesi-zabita-ekipleri-tarihi-gecmis-urunlere-el-koydu","status":"publish","type":"post","link":"https:\/\/site.zile.bel.tr\/index.php\/2023\/09\/09\/zile-belediyesi-zabita-ekipleri-tarihi-gecmis-urunlere-el-koydu\/","title":{"rendered":"Zile Belediyesi Zab\u0131ta Ekipleri Tarihi Ge\u00e7mi\u015f \u00dcr\u00fcnlere El Koydu"},"content":{"rendered":"<div class=\"xdj266r x11i5rnm xat24cr x1mh8g0r x1vvkbs x126k92a\">\n<div dir=\"auto\">Zile Belediyesi Zab\u0131ta Ekipleri Tarihi Ge\u00e7mi\u015f \u00dcr\u00fcnlere El Koydu<\/div>\n<div dir=\"auto\"><img loading=\"lazy\" decoding=\"async\" class=\"alignnone wp-image-6218\" src=\"http:\/\/site.zile.bel.tr\/wp-content\/uploads\/2023\/09\/8-300x200.jpg\" alt=\"\" width=\"800\" height=\"533\" srcset=\"https:\/\/site.zile.bel.tr\/wp-content\/uploads\/2023\/09\/8-300x200.jpg 300w, https:\/\/site.zile.bel.tr\/wp-content\/uploads\/2023\/09\/8-1024x682.jpg 1024w, https:\/\/site.zile.bel.tr\/wp-content\/uploads\/2023\/09\/8-768x512.jpg 768w, https:\/\/site.zile.bel.tr\/wp-content\/uploads\/2023\/09\/8-1536x1023.jpg 1536w, https:\/\/site.zile.bel.tr\/wp-content\/uploads\/2023\/09\/8.jpg 1600w\" sizes=\"auto, (max-width: 800px) 100vw, 800px\" \/><\/div>\n<div dir=\"auto\"><\/div>\n<\/div>\n<div class=\"x11i5rnm xat24cr x1mh8g0r x1vvkbs xtlvy1s x126k92a\">\n<div dir=\"auto\">Zile Belediyesi zab\u0131ta ekipleri, halk sa\u011fl\u0131\u011f\u0131n\u0131 \u00f6n planda tutan g\u0131da denetimleri kapsam\u0131nda marketlerdeki son kullanma tarihleri ge\u00e7mi\u015f \u00fcr\u00fcnlere imha edilmek \u00fczere el koydu.<\/div>\n<div dir=\"auto\"><\/div>\n<div dir=\"auto\">Halk\u0131n sa\u011fl\u0131\u011f\u0131 i\u00e7in \u00e7e\u015fitli meslek kollar\u0131nda denetimlerini aral\u0131ks\u0131z olarak s\u00fcrd\u00fcren Zile Belediyesi Zab\u0131ta M\u00fcd\u00fcrl\u00fc\u011f\u00fc ekipleri il\u00e7e genelinde bulunan 22 markete denetim d\u00fczenleyerek son kullanma tarihi ge\u00e7mi\u015f y\u00fczlerce \u00fcr\u00fcne el koydu. Son kullanma tarihi ge\u00e7en \u00fcr\u00fcnlere el koyan zab\u0131ta ekipleri \u00fcr\u00fcnleri imha etti. Son kullanma tarihi ge\u00e7mi\u015f \u00fcr\u00fcn satmak su\u00e7undan da marketlere ceza kesildi.<\/div>\n<div dir=\"auto\"><img loading=\"lazy\" decoding=\"async\" class=\"alignnone wp-image-6219\" src=\"http:\/\/site.zile.bel.tr\/wp-content\/uploads\/2023\/09\/9-300x200.jpg\" alt=\"\" width=\"800\" height=\"533\" srcset=\"https:\/\/site.zile.bel.tr\/wp-content\/uploads\/2023\/09\/9-300x200.jpg 300w, https:\/\/site.zile.bel.tr\/wp-content\/uploads\/2023\/09\/9-1024x682.jpg 1024w, https:\/\/site.zile.bel.tr\/wp-content\/uploads\/2023\/09\/9-768x512.jpg 768w, https:\/\/site.zile.bel.tr\/wp-content\/uploads\/2023\/09\/9-1536x1023.jpg 1536w, https:\/\/site.zile.bel.tr\/wp-content\/uploads\/2023\/09\/9.jpg 1600w\" sizes=\"auto, (max-width: 800px) 100vw, 800px\" \/><\/div>\n<div dir=\"auto\"><\/div>\n<div dir=\"auto\">Zab\u0131ta M\u00fcd\u00fcrl\u00fc\u011f\u00fc ekiplerince il\u00e7ede yap\u0131lan denetimlerle ilgili bilgi veren Zile Belediye Ba\u015fkan\u0131 \u015e\u00fckr\u00fc Sarg\u0131n, \u201cS\u00fcrekli zab\u0131ta ekiplerimiz halk\u0131m\u0131z\u0131n sa\u011fl\u0131\u011f\u0131 i\u00e7in denetimlerini s\u00fcrd\u00fcr\u00fcyor. \u0130nsanlar\u0131m\u0131z\u0131n sa\u011fl\u0131\u011f\u0131 bizler i\u00e7in her \u015feyden \u00e7ok daha \u00f6nemli. \u0130nsan sa\u011fl\u0131\u011f\u0131na uygun \u00fcretim yapmayan yerleri, sahte veya son kullanma tarihi ge\u00e7mi\u015f \u00fcr\u00fcn satan marketleri, vatanda\u015flar\u0131m\u0131z Alo 153 hatt\u0131m\u0131z\u0131 arayarak ihbar etmelerini istiyoruz. Bu konuda duyarl\u0131 olan vatanda\u015flara da \u00e7ok te\u015fekk\u00fcr ediyorum\u201d dedi.<\/div>\n<\/div>\n","protected":false},"excerpt":{"rendered":"<p>Zile Belediyesi Zab\u0131ta Ekipleri Tarihi Ge\u00e7mi\u015f \u00dcr\u00fcnlere El Koydu Zile Belediyesi zab\u0131ta ekipleri, halk sa\u011fl\u0131\u011f\u0131n\u0131 \u00f6n planda tutan g\u0131da denetimleri kapsam\u0131nda marketlerdeki son kullanma tarihleri ge\u00e7mi\u015f \u00fcr\u00fcnlere imha edilmek \u00fczere el koydu. Halk\u0131n sa\u011fl\u0131\u011f\u0131 i\u00e7in \u00e7e\u015fitli meslek kollar\u0131nda denetimlerini aral\u0131ks\u0131z olarak s\u00fcrd\u00fcren Zile Belediyesi Zab\u0131ta M\u00fcd\u00fcrl\u00fc\u011f\u00fc ekipleri il\u00e7e genelinde bulunan 22 markete denetim d\u00fczenleyerek son [&hellip;]<\/p>\n","protected":false},"author":1,"featured_media":6218,"comment_status":"open","ping_status":"open","sticky":false,"template":"","format":"standard","meta":{"footnotes":""},"categories":[11],"tags":[],"class_list":["post-6217","post","type-post","status-publish","format-standard","has-post-thumbnail","hentry","category-haberler"],"_links":{"self":[{"href":"https:\/\/site.zile.bel.tr\/index.php\/wp-json\/wp\/v2\/posts\/6217","targetHints":{"allow":["GET"]}}],"collection":[{"href":"https:\/\/site.zile.bel.tr\/index.php\/wp-json\/wp\/v2\/posts"}],"about":[{"href":"https:\/\/site.zile.bel.tr\/index.php\/wp-json\/wp\/v2\/types\/post"}],"author":[{"embeddable":true,"href":"https:\/\/site.zile.bel.tr\/index.php\/wp-json\/wp\/v2\/users\/1"}],"replies":[{"embeddable":true,"href":"https:\/\/site.zile.bel.tr\/index.php\/wp-json\/wp\/v2\/comments?post=6217"}],"version-history":[{"count":1,"href":"https:\/\/site.zile.bel.tr\/index.php\/wp-json\/wp\/v2\/posts\/6217\/revisions"}],"predecessor-version":[{"id":6220,"href":"https:\/\/site.zile.bel.tr\/index.php\/wp-json\/wp\/v2\/posts\/6217\/revisions\/6220"}],"wp:featuredmedia":[{"embeddable":true,"href":"https:\/\/site.zile.bel.tr\/index.php\/wp-json\/wp\/v2\/media\/6218"}],"wp:attachment":[{"href":"https:\/\/site.zile.bel.tr\/index.php\/wp-json\/wp\/v2\/media?parent=6217"}],"wp:term":[{"taxonomy":"category","embeddable":true,"href":"https:\/\/site.zile.bel.tr\/index.php\/wp-json\/wp\/v2\/categories?post=6217"},{"taxonomy":"post_tag","embeddable":true,"href":"https:\/\/site.zile.bel.tr\/index.php\/wp-json\/wp\/v2\/tags?post=6217"}],"curies":[{"name":"wp","href":"https:\/\/api.w.org\/{rel}","templated":true}]}}