{"id":6625,"date":"2023-11-21T16:54:43","date_gmt":"2023-11-21T13:54:43","guid":{"rendered":"https:\/\/site.zile.bel.tr\/?p=6625"},"modified":"2023-11-24T16:57:31","modified_gmt":"2023-11-24T13:57:31","slug":"tarihi-zile-kalesinde-parke-yol-calismasi-yapiliyor","status":"publish","type":"post","link":"https:\/\/site.zile.bel.tr\/index.php\/2023\/11\/21\/tarihi-zile-kalesinde-parke-yol-calismasi-yapiliyor\/","title":{"rendered":"Tarihi Zile Kalesi\u2019nde Parke Yol \u00c7al\u0131\u015fmas\u0131 Yap\u0131l\u0131yor"},"content":{"rendered":"<div class=\"xdj266r x11i5rnm xat24cr x1mh8g0r x1vvkbs x126k92a\">\n<div dir=\"auto\">Tarihi Zile Kalesi\u2019nde Parke Yol \u00c7al\u0131\u015fmas\u0131 Yap\u0131l\u0131yor<\/div>\n<div dir=\"auto\"><img loading=\"lazy\" decoding=\"async\" class=\"alignnone wp-image-6626\" src=\"http:\/\/site.zile.bel.tr\/wp-content\/uploads\/2023\/11\/1-5-300x200.jpg\" alt=\"\" width=\"800\" height=\"533\" srcset=\"https:\/\/site.zile.bel.tr\/wp-content\/uploads\/2023\/11\/1-5-300x200.jpg 300w, https:\/\/site.zile.bel.tr\/wp-content\/uploads\/2023\/11\/1-5-768x512.jpg 768w, https:\/\/site.zile.bel.tr\/wp-content\/uploads\/2023\/11\/1-5.jpg 1024w\" sizes=\"auto, (max-width: 800px) 100vw, 800px\" \/><\/div>\n<\/div>\n<div class=\"x11i5rnm xat24cr x1mh8g0r x1vvkbs xtlvy1s x126k92a\">\n<div dir=\"auto\">Zile Belediyesi taraf\u0131ndan yap\u0131m\u0131 tamamlanan \u2018Veni Vidi Vici Kent M\u00fczesi\u2019 projesi ile yo\u011fun turist alan Tarihi Zile Kalesine ula\u015f\u0131m\u0131 kolayla\u015ft\u0131rmak i\u00e7in parke yol \u00e7al\u0131\u015fmas\u0131na ba\u015flan\u0131ld\u0131. Parke yol \u00e7al\u0131\u015fmalar\u0131n\u0131 yerinde inceleyen Zile Belediye Ba\u015fkan\u0131 \u015e\u00fckr\u00fc Sarg\u0131n, \u201cturizm \u00e7al\u0131\u015fmalar\u0131m\u0131z\u0131n kar\u015f\u0131l\u0131\u011f\u0131n\u0131 fazlas\u0131 ile almaya devam ediyoruz. \u00c7evre illerden yo\u011fun bir ziyaret\u00e7i say\u0131s\u0131na ula\u015fan m\u00fczemize \u00f6zellikle otob\u00fcs turlar\u0131n\u0131n daha rahat giri\u015f yapabilmeleri i\u00e7in h\u0131zl\u0131 bir \u015fekilde parke yol \u00e7al\u0131\u015fmas\u0131n\u0131 ba\u015flatt\u0131k\u201d dedi.<\/div>\n<div dir=\"auto\">\n\n\t\t<style type=\"text\/css\">\n\t\t\t#gallery-1 {\n\t\t\t\tmargin: auto;\n\t\t\t}\n\t\t\t#gallery-1 .gallery-item {\n\t\t\t\tfloat: left;\n\t\t\t\tmargin-top: 10px;\n\t\t\t\ttext-align: center;\n\t\t\t\twidth: 33%;\n\t\t\t}\n\t\t\t#gallery-1 img {\n\t\t\t\tborder: 2px solid #cfcfcf;\n\t\t\t}\n\t\t\t#gallery-1 .gallery-caption {\n\t\t\t\tmargin-left: 0;\n\t\t\t}\n\t\t\t\/* see gallery_shortcode() in wp-includes\/media.php *\/\n\t\t<\/style>\n\t\t<div id='gallery-1' class='gallery galleryid-6625 gallery-columns-3 gallery-size-thumbnail'><dl class='gallery-item'>\n\t\t\t<dt class='gallery-icon landscape'>\n\t\t\t\t<a href='https:\/\/site.zile.bel.tr\/wp-content\/uploads\/2023\/11\/1-6.jpg'><img loading=\"lazy\" decoding=\"async\" width=\"150\" height=\"150\" src=\"https:\/\/site.zile.bel.tr\/wp-content\/uploads\/2023\/11\/1-6-150x150.jpg\" class=\"attachment-thumbnail size-thumbnail\" alt=\"\" \/><\/a>\n\t\t\t<\/dt><\/dl><dl class='gallery-item'>\n\t\t\t<dt class='gallery-icon landscape'>\n\t\t\t\t<a href='https:\/\/site.zile.bel.tr\/wp-content\/uploads\/2023\/11\/2-5.jpg'><img loading=\"lazy\" decoding=\"async\" width=\"150\" height=\"150\" src=\"https:\/\/site.zile.bel.tr\/wp-content\/uploads\/2023\/11\/2-5-150x150.jpg\" class=\"attachment-thumbnail size-thumbnail\" alt=\"\" \/><\/a>\n\t\t\t<\/dt><\/dl><dl class='gallery-item'>\n\t\t\t<dt class='gallery-icon landscape'>\n\t\t\t\t<a href='https:\/\/site.zile.bel.tr\/wp-content\/uploads\/2023\/11\/3-4.jpg'><img loading=\"lazy\" decoding=\"async\" width=\"150\" height=\"150\" src=\"https:\/\/site.zile.bel.tr\/wp-content\/uploads\/2023\/11\/3-4-150x150.jpg\" class=\"attachment-thumbnail size-thumbnail\" alt=\"\" \/><\/a>\n\t\t\t<\/dt><\/dl><br style=\"clear: both\" \/><dl class='gallery-item'>\n\t\t\t<dt class='gallery-icon landscape'>\n\t\t\t\t<a href='https:\/\/site.zile.bel.tr\/wp-content\/uploads\/2023\/11\/4-2.jpg'><img loading=\"lazy\" decoding=\"async\" width=\"150\" height=\"150\" src=\"https:\/\/site.zile.bel.tr\/wp-content\/uploads\/2023\/11\/4-2-150x150.jpg\" class=\"attachment-thumbnail size-thumbnail\" alt=\"\" \/><\/a>\n\t\t\t<\/dt><\/dl><dl class='gallery-item'>\n\t\t\t<dt class='gallery-icon landscape'>\n\t\t\t\t<a href='https:\/\/site.zile.bel.tr\/wp-content\/uploads\/2023\/11\/5-2.jpg'><img loading=\"lazy\" decoding=\"async\" width=\"150\" height=\"150\" src=\"https:\/\/site.zile.bel.tr\/wp-content\/uploads\/2023\/11\/5-2-150x150.jpg\" class=\"attachment-thumbnail size-thumbnail\" alt=\"\" \/><\/a>\n\t\t\t<\/dt><\/dl>\n\t\t\t<br style='clear: both' \/>\n\t\t<\/div>\n\n<\/div>\n<\/div>\n","protected":false},"excerpt":{"rendered":"<p>Tarihi Zile Kalesi\u2019nde Parke Yol \u00c7al\u0131\u015fmas\u0131 Yap\u0131l\u0131yor Zile Belediyesi taraf\u0131ndan yap\u0131m\u0131 tamamlanan \u2018Veni Vidi Vici Kent M\u00fczesi\u2019 projesi ile yo\u011fun turist alan Tarihi Zile Kalesine ula\u015f\u0131m\u0131 kolayla\u015ft\u0131rmak i\u00e7in parke yol \u00e7al\u0131\u015fmas\u0131na ba\u015flan\u0131ld\u0131. Parke yol \u00e7al\u0131\u015fmalar\u0131n\u0131 yerinde inceleyen Zile Belediye Ba\u015fkan\u0131 \u015e\u00fckr\u00fc Sarg\u0131n, \u201cturizm \u00e7al\u0131\u015fmalar\u0131m\u0131z\u0131n kar\u015f\u0131l\u0131\u011f\u0131n\u0131 fazlas\u0131 ile almaya devam ediyoruz. \u00c7evre illerden yo\u011fun bir ziyaret\u00e7i [&hellip;]<\/p>\n","protected":false},"author":1,"featured_media":6629,"comment_status":"open","ping_status":"open","sticky":false,"template":"","format":"standard","meta":{"footnotes":""},"categories":[11],"tags":[],"class_list":["post-6625","post","type-post","status-publish","format-standard","has-post-thumbnail","hentry","category-haberler"],"_links":{"self":[{"href":"https:\/\/site.zile.bel.tr\/index.php\/wp-json\/wp\/v2\/posts\/6625","targetHints":{"allow":["GET"]}}],"collection":[{"href":"https:\/\/site.zile.bel.tr\/index.php\/wp-json\/wp\/v2\/posts"}],"about":[{"href":"https:\/\/site.zile.bel.tr\/index.php\/wp-json\/wp\/v2\/types\/post"}],"author":[{"embeddable":true,"href":"https:\/\/site.zile.bel.tr\/index.php\/wp-json\/wp\/v2\/users\/1"}],"replies":[{"embeddable":true,"href":"https:\/\/site.zile.bel.tr\/index.php\/wp-json\/wp\/v2\/comments?post=6625"}],"version-history":[{"count":1,"href":"https:\/\/site.zile.bel.tr\/index.php\/wp-json\/wp\/v2\/posts\/6625\/revisions"}],"predecessor-version":[{"id":6632,"href":"https:\/\/site.zile.bel.tr\/index.php\/wp-json\/wp\/v2\/posts\/6625\/revisions\/6632"}],"wp:featuredmedia":[{"embeddable":true,"href":"https:\/\/site.zile.bel.tr\/index.php\/wp-json\/wp\/v2\/media\/6629"}],"wp:attachment":[{"href":"https:\/\/site.zile.bel.tr\/index.php\/wp-json\/wp\/v2\/media?parent=6625"}],"wp:term":[{"taxonomy":"category","embeddable":true,"href":"https:\/\/site.zile.bel.tr\/index.php\/wp-json\/wp\/v2\/categories?post=6625"},{"taxonomy":"post_tag","embeddable":true,"href":"https:\/\/site.zile.bel.tr\/index.php\/wp-json\/wp\/v2\/tags?post=6625"}],"curies":[{"name":"wp","href":"https:\/\/api.w.org\/{rel}","templated":true}]}}