{"id":6776,"date":"2024-01-09T16:38:54","date_gmt":"2024-01-09T13:38:54","guid":{"rendered":"https:\/\/site.zile.bel.tr\/?p=6776"},"modified":"2024-01-24T13:29:45","modified_gmt":"2024-01-24T10:29:45","slug":"zileye-3cu-taziye-araci","status":"publish","type":"post","link":"https:\/\/site.zile.bel.tr\/index.php\/2024\/01\/09\/zileye-3cu-taziye-araci\/","title":{"rendered":"Zile\u2019ye 3\u2019c\u00fc Taziye Arac\u0131"},"content":{"rendered":"<div dir=\"auto\">Zile\u2019ye 3\u2019c\u00fc Taziye Arac\u0131<\/div>\n<div dir=\"auto\"><\/div>\n<div dir=\"auto\">2019 y\u0131l\u0131nda g\u00f6reve gelen Zile Belediye Ba\u015fkan\u0131 \u015e\u00fckr\u00fc Sarg\u0131n\u2019\u0131n ilk hizmetlerinden birisi olarak belediyeye kazand\u0131rd\u0131\u011f\u0131 taziye arac\u0131 vatanda\u015flardan yo\u011fun ilgi g\u00f6rm\u00fc\u015ft\u00fc.<\/div>\n<div dir=\"auto\">Belediyeye kazand\u0131r\u0131lan bu taziye ara\u00e7lar\u0131 ile Zile\u2019de taziye evlerinin \u00f6n\u00fcnde \u00e7ad\u0131r kurulmas\u0131 yerine, \u00f6zel donan\u0131ml\u0131 taziye ara\u00e7lar\u0131 devreye al\u0131nm\u0131\u015ft\u0131.<\/div>\n<div dir=\"auto\"><\/div>\n<div dir=\"auto\">Bu ama\u00e7la belediyeye daha \u00f6nce kazand\u0131r\u0131lan 2 taziye arac\u0131na ilaveten, bir ara\u00e7 daha kazand\u0131r\u0131ld\u0131 ve \u00f6zel donan\u0131ml\u0131 taziye arac\u0131 say\u0131s\u0131 \u00fc\u00e7e y\u00fckseldi.<\/div>\n<div dir=\"auto\"><\/div>\n<div dir=\"auto\">So\u011fuk havalarda vatanda\u015flar\u0131 d\u00fc\u015f\u00fcnerek bir taziye arac\u0131 al\u0131m\u0131 daha yapt\u0131klar\u0131n\u0131 belirten Ba\u015fkan \u015e\u00fckr\u00fc Sarg\u0131n, \u201cVefat eden hem\u015ferimizin yak\u0131nlar\u0131n\u0131 ziyaret edip onlar\u0131 teselli etmek, \u00f6l\u00fcm\u00fcn hakikatini ve hikmete bakan y\u00f6n\u00fcn\u00fc anlamak ve anlatmak g\u00fczel geleneklerimizden birisidir. Bu ama\u00e7la taziye evlerinin \u00f6n\u00fcne \u00e7ad\u0131r kurulmaktayd\u0131. Ancak taziye evinin \u00f6n\u00fcne kurulan \u00e7ad\u0131rlar mevsim ve iklim ko\u015fullar\u0131 nedeniyle kullan\u0131\u015fs\u0131z olmakta, hem taziye evi sahipleri \u00fcz\u00fcnt\u00fcleri yetmezmi\u015f gibi bu duruma \u00fcz\u00fclmekteydi hem de hem\u015ferilerimiz uygun olmayan ko\u015fullarda taziyede bulunmakta idiler. Bu d\u00fc\u015f\u00fcnceyle, i\u00e7erisinde her t\u00fcrl\u00fc donan\u0131m\u0131 bulunan \u00fc\u00e7\u00fcnc\u00fc taziye arac\u0131n\u0131 belediyemize kazand\u0131rd\u0131k.\u201d dedi.<\/div>\n<div dir=\"auto\">\n\n\t\t<style type=\"text\/css\">\n\t\t\t#gallery-1 {\n\t\t\t\tmargin: auto;\n\t\t\t}\n\t\t\t#gallery-1 .gallery-item {\n\t\t\t\tfloat: left;\n\t\t\t\tmargin-top: 10px;\n\t\t\t\ttext-align: center;\n\t\t\t\twidth: 33%;\n\t\t\t}\n\t\t\t#gallery-1 img {\n\t\t\t\tborder: 2px solid #cfcfcf;\n\t\t\t}\n\t\t\t#gallery-1 .gallery-caption {\n\t\t\t\tmargin-left: 0;\n\t\t\t}\n\t\t\t\/* see gallery_shortcode() in wp-includes\/media.php *\/\n\t\t<\/style>\n\t\t<div id='gallery-1' class='gallery galleryid-6776 gallery-columns-3 gallery-size-thumbnail'><dl class='gallery-item'>\n\t\t\t<dt class='gallery-icon landscape'>\n\t\t\t\t<a href='https:\/\/site.zile.bel.tr\/wp-content\/uploads\/2024\/01\/417726348_408932031514552_2182680185750619284_n.jpg'><img loading=\"lazy\" decoding=\"async\" width=\"150\" height=\"150\" src=\"https:\/\/site.zile.bel.tr\/wp-content\/uploads\/2024\/01\/417726348_408932031514552_2182680185750619284_n-150x150.jpg\" class=\"attachment-thumbnail size-thumbnail\" alt=\"\" \/><\/a>\n\t\t\t<\/dt><\/dl><dl class='gallery-item'>\n\t\t\t<dt class='gallery-icon landscape'>\n\t\t\t\t<a href='https:\/\/site.zile.bel.tr\/wp-content\/uploads\/2024\/01\/417733832_408932281514527_6856693267060244909_n.jpg'><img loading=\"lazy\" decoding=\"async\" width=\"150\" height=\"150\" src=\"https:\/\/site.zile.bel.tr\/wp-content\/uploads\/2024\/01\/417733832_408932281514527_6856693267060244909_n-150x150.jpg\" class=\"attachment-thumbnail size-thumbnail\" alt=\"\" \/><\/a>\n\t\t\t<\/dt><\/dl><dl class='gallery-item'>\n\t\t\t<dt class='gallery-icon landscape'>\n\t\t\t\t<a href='https:\/\/site.zile.bel.tr\/wp-content\/uploads\/2024\/01\/417740680_408932051514550_1989463980498503463_n.jpg'><img loading=\"lazy\" decoding=\"async\" width=\"150\" height=\"150\" src=\"https:\/\/site.zile.bel.tr\/wp-content\/uploads\/2024\/01\/417740680_408932051514550_1989463980498503463_n-150x150.jpg\" class=\"attachment-thumbnail size-thumbnail\" alt=\"\" \/><\/a>\n\t\t\t<\/dt><\/dl><br style=\"clear: both\" \/><dl class='gallery-item'>\n\t\t\t<dt class='gallery-icon landscape'>\n\t\t\t\t<a href='https:\/\/site.zile.bel.tr\/wp-content\/uploads\/2024\/01\/417751907_408932228181199_9137757340728811968_n.jpg'><img loading=\"lazy\" decoding=\"async\" width=\"150\" height=\"150\" src=\"https:\/\/site.zile.bel.tr\/wp-content\/uploads\/2024\/01\/417751907_408932228181199_9137757340728811968_n-150x150.jpg\" class=\"attachment-thumbnail size-thumbnail\" alt=\"\" \/><\/a>\n\t\t\t<\/dt><\/dl><dl class='gallery-item'>\n\t\t\t<dt class='gallery-icon landscape'>\n\t\t\t\t<a href='https:\/\/site.zile.bel.tr\/wp-content\/uploads\/2024\/01\/417765310_408932104847878_5303995840594758229_n.jpg'><img loading=\"lazy\" decoding=\"async\" width=\"150\" height=\"150\" src=\"https:\/\/site.zile.bel.tr\/wp-content\/uploads\/2024\/01\/417765310_408932104847878_5303995840594758229_n-150x150.jpg\" class=\"attachment-thumbnail size-thumbnail\" alt=\"\" \/><\/a>\n\t\t\t<\/dt><\/dl><dl class='gallery-item'>\n\t\t\t<dt class='gallery-icon landscape'>\n\t\t\t\t<a href='https:\/\/site.zile.bel.tr\/wp-content\/uploads\/2024\/01\/417844043_408932131514542_1229061296991498504_n.jpg'><img loading=\"lazy\" decoding=\"async\" width=\"150\" height=\"150\" src=\"https:\/\/site.zile.bel.tr\/wp-content\/uploads\/2024\/01\/417844043_408932131514542_1229061296991498504_n-150x150.jpg\" class=\"attachment-thumbnail size-thumbnail\" alt=\"\" \/><\/a>\n\t\t\t<\/dt><\/dl><br style=\"clear: both\" \/>\n\t\t<\/div>\n\n<\/div>\n","protected":false},"excerpt":{"rendered":"<p>Zile\u2019ye 3\u2019c\u00fc Taziye Arac\u0131 2019 y\u0131l\u0131nda g\u00f6reve gelen Zile Belediye Ba\u015fkan\u0131 \u015e\u00fckr\u00fc Sarg\u0131n\u2019\u0131n ilk hizmetlerinden birisi olarak belediyeye kazand\u0131rd\u0131\u011f\u0131 taziye arac\u0131 vatanda\u015flardan yo\u011fun ilgi g\u00f6rm\u00fc\u015ft\u00fc. Belediyeye kazand\u0131r\u0131lan bu taziye ara\u00e7lar\u0131 ile Zile\u2019de taziye evlerinin \u00f6n\u00fcnde \u00e7ad\u0131r kurulmas\u0131 yerine, \u00f6zel donan\u0131ml\u0131 taziye ara\u00e7lar\u0131 devreye al\u0131nm\u0131\u015ft\u0131. Bu ama\u00e7la belediyeye daha \u00f6nce kazand\u0131r\u0131lan 2 taziye arac\u0131na ilaveten, bir [&hellip;]<\/p>\n","protected":false},"author":1,"featured_media":6777,"comment_status":"open","ping_status":"open","sticky":false,"template":"","format":"standard","meta":{"footnotes":""},"categories":[11,8],"tags":[],"class_list":["post-6776","post","type-post","status-publish","format-standard","has-post-thumbnail","hentry","category-haberler","category-tamamlanan-projeler"],"_links":{"self":[{"href":"https:\/\/site.zile.bel.tr\/index.php\/wp-json\/wp\/v2\/posts\/6776","targetHints":{"allow":["GET"]}}],"collection":[{"href":"https:\/\/site.zile.bel.tr\/index.php\/wp-json\/wp\/v2\/posts"}],"about":[{"href":"https:\/\/site.zile.bel.tr\/index.php\/wp-json\/wp\/v2\/types\/post"}],"author":[{"embeddable":true,"href":"https:\/\/site.zile.bel.tr\/index.php\/wp-json\/wp\/v2\/users\/1"}],"replies":[{"embeddable":true,"href":"https:\/\/site.zile.bel.tr\/index.php\/wp-json\/wp\/v2\/comments?post=6776"}],"version-history":[{"count":1,"href":"https:\/\/site.zile.bel.tr\/index.php\/wp-json\/wp\/v2\/posts\/6776\/revisions"}],"predecessor-version":[{"id":6783,"href":"https:\/\/site.zile.bel.tr\/index.php\/wp-json\/wp\/v2\/posts\/6776\/revisions\/6783"}],"wp:featuredmedia":[{"embeddable":true,"href":"https:\/\/site.zile.bel.tr\/index.php\/wp-json\/wp\/v2\/media\/6777"}],"wp:attachment":[{"href":"https:\/\/site.zile.bel.tr\/index.php\/wp-json\/wp\/v2\/media?parent=6776"}],"wp:term":[{"taxonomy":"category","embeddable":true,"href":"https:\/\/site.zile.bel.tr\/index.php\/wp-json\/wp\/v2\/categories?post=6776"},{"taxonomy":"post_tag","embeddable":true,"href":"https:\/\/site.zile.bel.tr\/index.php\/wp-json\/wp\/v2\/tags?post=6776"}],"curies":[{"name":"wp","href":"https:\/\/api.w.org\/{rel}","templated":true}]}}