{"id":6977,"date":"2024-02-28T13:09:00","date_gmt":"2024-02-28T10:09:00","guid":{"rendered":"https:\/\/site.zile.bel.tr\/?p=6977"},"modified":"2024-02-28T16:00:58","modified_gmt":"2024-02-28T13:00:58","slug":"zile-kaymakami-sayin-caglar-tekin-zile-belediye-baskani-sukru-sargini-makaminda-ziyaret-etti","status":"publish","type":"post","link":"https:\/\/site.zile.bel.tr\/index.php\/2024\/02\/28\/zile-kaymakami-sayin-caglar-tekin-zile-belediye-baskani-sukru-sargini-makaminda-ziyaret-etti\/","title":{"rendered":"Zile Kaymakam\u0131 Say\u0131n \u00c7a\u011flar Tekin, Zile Belediye Ba\u015fkan\u0131 \u015e\u00fckr\u00fc Sarg\u0131n\u2019\u0131 Makam\u0131nda Ziyaret Etti"},"content":{"rendered":"<p>Zile Kaymakam\u0131 Say\u0131n \u00c7a\u011flar Tekin, Zile Belediye Ba\u015fkan\u0131 \u015e\u00fckr\u00fc Sarg\u0131n\u2019\u0131 makam\u0131nda ziyaret etti.<\/p>\n<p>Belediye Ba\u015fkan\u0131 Sarg\u0131n, Say\u0131n Zile Kaymakam\u0131 \u00c7a\u011flar Tekin&#8217;e nazik ziyaretleri sebebiyle te\u015fekk\u00fcr etti.<\/p>\n<p><img loading=\"lazy\" decoding=\"async\" class=\"alignnone wp-image-6978\" src=\"http:\/\/site.zile.bel.tr\/wp-content\/uploads\/2024\/02\/430168828_438533828554372_8903221184271322690_n-1-300x200.jpg\" alt=\"\" width=\"800\" height=\"533\" srcset=\"https:\/\/site.zile.bel.tr\/wp-content\/uploads\/2024\/02\/430168828_438533828554372_8903221184271322690_n-1-300x200.jpg 300w, https:\/\/site.zile.bel.tr\/wp-content\/uploads\/2024\/02\/430168828_438533828554372_8903221184271322690_n-1-1024x682.jpg 1024w, https:\/\/site.zile.bel.tr\/wp-content\/uploads\/2024\/02\/430168828_438533828554372_8903221184271322690_n-1-768x512.jpg 768w, https:\/\/site.zile.bel.tr\/wp-content\/uploads\/2024\/02\/430168828_438533828554372_8903221184271322690_n-1-1536x1023.jpg 1536w, https:\/\/site.zile.bel.tr\/wp-content\/uploads\/2024\/02\/430168828_438533828554372_8903221184271322690_n-1.jpg 1600w\" sizes=\"auto, (max-width: 800px) 100vw, 800px\" \/><\/p>\n","protected":false},"excerpt":{"rendered":"<p>Zile Kaymakam\u0131 Say\u0131n \u00c7a\u011flar Tekin, Zile Belediye Ba\u015fkan\u0131 \u015e\u00fckr\u00fc Sarg\u0131n\u2019\u0131 makam\u0131nda ziyaret etti. Belediye Ba\u015fkan\u0131 Sarg\u0131n, Say\u0131n Zile Kaymakam\u0131 \u00c7a\u011flar Tekin&#8217;e nazik ziyaretleri sebebiyle te\u015fekk\u00fcr etti.<\/p>\n","protected":false},"author":1,"featured_media":6978,"comment_status":"open","ping_status":"open","sticky":false,"template":"","format":"standard","meta":{"footnotes":""},"categories":[11],"tags":[],"class_list":["post-6977","post","type-post","status-publish","format-standard","has-post-thumbnail","hentry","category-haberler"],"_links":{"self":[{"href":"https:\/\/site.zile.bel.tr\/index.php\/wp-json\/wp\/v2\/posts\/6977","targetHints":{"allow":["GET"]}}],"collection":[{"href":"https:\/\/site.zile.bel.tr\/index.php\/wp-json\/wp\/v2\/posts"}],"about":[{"href":"https:\/\/site.zile.bel.tr\/index.php\/wp-json\/wp\/v2\/types\/post"}],"author":[{"embeddable":true,"href":"https:\/\/site.zile.bel.tr\/index.php\/wp-json\/wp\/v2\/users\/1"}],"replies":[{"embeddable":true,"href":"https:\/\/site.zile.bel.tr\/index.php\/wp-json\/wp\/v2\/comments?post=6977"}],"version-history":[{"count":1,"href":"https:\/\/site.zile.bel.tr\/index.php\/wp-json\/wp\/v2\/posts\/6977\/revisions"}],"predecessor-version":[{"id":6979,"href":"https:\/\/site.zile.bel.tr\/index.php\/wp-json\/wp\/v2\/posts\/6977\/revisions\/6979"}],"wp:featuredmedia":[{"embeddable":true,"href":"https:\/\/site.zile.bel.tr\/index.php\/wp-json\/wp\/v2\/media\/6978"}],"wp:attachment":[{"href":"https:\/\/site.zile.bel.tr\/index.php\/wp-json\/wp\/v2\/media?parent=6977"}],"wp:term":[{"taxonomy":"category","embeddable":true,"href":"https:\/\/site.zile.bel.tr\/index.php\/wp-json\/wp\/v2\/categories?post=6977"},{"taxonomy":"post_tag","embeddable":true,"href":"https:\/\/site.zile.bel.tr\/index.php\/wp-json\/wp\/v2\/tags?post=6977"}],"curies":[{"name":"wp","href":"https:\/\/api.w.org\/{rel}","templated":true}]}}