{"id":7070,"date":"2024-03-18T09:31:11","date_gmt":"2024-03-18T06:31:11","guid":{"rendered":"https:\/\/site.zile.bel.tr\/?p=7070"},"modified":"2024-03-18T09:31:11","modified_gmt":"2024-03-18T06:31:11","slug":"canakkale-birligin-ve-beraberligin-zaferidir-sehitlerimizi-saygiyla-aniyoruz-sukru-sargin-zile-belediye-baskani","status":"publish","type":"post","link":"https:\/\/site.zile.bel.tr\/index.php\/2024\/03\/18\/canakkale-birligin-ve-beraberligin-zaferidir-sehitlerimizi-saygiyla-aniyoruz-sukru-sargin-zile-belediye-baskani\/","title":{"rendered":"&#8220;\u00c7anakkale, birli\u011fin ve beraberli\u011fin zaferidir&#8230;&#8221;   \u015eehitlerimizi sayg\u0131yla an\u0131yoruz&#8230;   \u015e\u00fckr\u00fc SARGIN Zile Belediye Ba\u015fkan\u0131"},"content":{"rendered":"<div class=\"xdj266r x11i5rnm xat24cr x1mh8g0r x1vvkbs x126k92a\">\n<div dir=\"auto\">&#8220;\u00c7anakkale, birli\u011fin ve beraberli\u011fin zaferidir&#8230;&#8221;<\/div>\n<div dir=\"auto\"><\/div>\n<\/div>\n<div class=\"x11i5rnm xat24cr x1mh8g0r x1vvkbs xtlvy1s x126k92a\">\n<div dir=\"auto\">\u015eehitlerimizi sayg\u0131yla an\u0131yoruz&#8230;<\/div>\n<div dir=\"auto\"><\/div>\n<\/div>\n<div class=\"x11i5rnm xat24cr x1mh8g0r x1vvkbs xtlvy1s x126k92a\">\n<div dir=\"auto\">\u015e\u00fckr\u00fc SARGIN<\/div>\n<div dir=\"auto\">Zile Belediye Ba\u015fkan\u0131<\/div>\n<\/div>\n<p><img loading=\"lazy\" decoding=\"async\" class=\"alignnone wp-image-7071\" src=\"http:\/\/site.zile.bel.tr\/wp-content\/uploads\/2024\/03\/432438039_448620167545738_3117660422552894558_n-300x300.jpg\" alt=\"\" width=\"800\" height=\"800\" srcset=\"https:\/\/site.zile.bel.tr\/wp-content\/uploads\/2024\/03\/432438039_448620167545738_3117660422552894558_n-300x300.jpg 300w, https:\/\/site.zile.bel.tr\/wp-content\/uploads\/2024\/03\/432438039_448620167545738_3117660422552894558_n-150x150.jpg 150w, https:\/\/site.zile.bel.tr\/wp-content\/uploads\/2024\/03\/432438039_448620167545738_3117660422552894558_n-768x768.jpg 768w, https:\/\/site.zile.bel.tr\/wp-content\/uploads\/2024\/03\/432438039_448620167545738_3117660422552894558_n.jpg 843w\" sizes=\"auto, (max-width: 800px) 100vw, 800px\" \/><\/p>\n","protected":false},"excerpt":{"rendered":"<p>&#8220;\u00c7anakkale, birli\u011fin ve beraberli\u011fin zaferidir&#8230;&#8221; \u015eehitlerimizi sayg\u0131yla an\u0131yoruz&#8230; \u015e\u00fckr\u00fc SARGIN Zile Belediye Ba\u015fkan\u0131<\/p>\n","protected":false},"author":1,"featured_media":7071,"comment_status":"open","ping_status":"open","sticky":false,"template":"","format":"standard","meta":{"footnotes":""},"categories":[11],"tags":[],"class_list":["post-7070","post","type-post","status-publish","format-standard","has-post-thumbnail","hentry","category-haberler"],"_links":{"self":[{"href":"https:\/\/site.zile.bel.tr\/index.php\/wp-json\/wp\/v2\/posts\/7070","targetHints":{"allow":["GET"]}}],"collection":[{"href":"https:\/\/site.zile.bel.tr\/index.php\/wp-json\/wp\/v2\/posts"}],"about":[{"href":"https:\/\/site.zile.bel.tr\/index.php\/wp-json\/wp\/v2\/types\/post"}],"author":[{"embeddable":true,"href":"https:\/\/site.zile.bel.tr\/index.php\/wp-json\/wp\/v2\/users\/1"}],"replies":[{"embeddable":true,"href":"https:\/\/site.zile.bel.tr\/index.php\/wp-json\/wp\/v2\/comments?post=7070"}],"version-history":[{"count":1,"href":"https:\/\/site.zile.bel.tr\/index.php\/wp-json\/wp\/v2\/posts\/7070\/revisions"}],"predecessor-version":[{"id":7072,"href":"https:\/\/site.zile.bel.tr\/index.php\/wp-json\/wp\/v2\/posts\/7070\/revisions\/7072"}],"wp:featuredmedia":[{"embeddable":true,"href":"https:\/\/site.zile.bel.tr\/index.php\/wp-json\/wp\/v2\/media\/7071"}],"wp:attachment":[{"href":"https:\/\/site.zile.bel.tr\/index.php\/wp-json\/wp\/v2\/media?parent=7070"}],"wp:term":[{"taxonomy":"category","embeddable":true,"href":"https:\/\/site.zile.bel.tr\/index.php\/wp-json\/wp\/v2\/categories?post=7070"},{"taxonomy":"post_tag","embeddable":true,"href":"https:\/\/site.zile.bel.tr\/index.php\/wp-json\/wp\/v2\/tags?post=7070"}],"curies":[{"name":"wp","href":"https:\/\/api.w.org\/{rel}","templated":true}]}}