{"id":7280,"date":"2024-05-04T15:38:20","date_gmt":"2024-05-04T12:38:20","guid":{"rendered":"https:\/\/site.zile.bel.tr\/?p=7280"},"modified":"2024-05-10T15:40:03","modified_gmt":"2024-05-10T12:40:03","slug":"biz-buyuk-bir-aileyiz","status":"publish","type":"post","link":"https:\/\/site.zile.bel.tr\/index.php\/2024\/05\/04\/biz-buyuk-bir-aileyiz\/","title":{"rendered":"B\u0130Z B\u00dcY\u00dcK B\u0130R A\u0130LEY\u0130Z"},"content":{"rendered":"<div class=\"xdj266r x11i5rnm xat24cr x1mh8g0r x1vvkbs x126k92a\">\n<div dir=\"auto\">B\u0130Z B\u00dcY\u00dcK B\u0130R A\u0130LEY\u0130Z<\/div>\n<\/div>\n<div class=\"x11i5rnm xat24cr x1mh8g0r x1vvkbs xtlvy1s x126k92a\">\n<div dir=\"auto\">Bug\u00fcn Zile Belediye Ba\u015fkan\u0131m\u0131z \u015e\u00fckru Sarg\u0131n, Turhal Belediye Ba\u015fkan\u0131m\u0131z Mehmet Erdem Ural, Tokat Milletvekilimiz Kadim Durmaz, \u0130stanbul Avc\u0131lar eski Belediye Ba\u015fkan\u0131m\u0131z Turan Han\u00e7erli ve beraberinde ki heyet Samsun Atakum Belediye Ba\u015fkan\u0131 Serhat T\u00fcrkel&#8217;i makam\u0131nda ziyaret ettiler.<\/div>\n<\/div>\n<div class=\"x11i5rnm xat24cr x1mh8g0r x1vvkbs xtlvy1s x126k92a\">\n<div dir=\"auto\">Kabulde belediyeler aras\u0131nda yap\u0131lacak dayan\u0131\u015fma ve i\u015fbirli\u011fi konular\u0131nda fikir al\u0131\u015fveri\u015finde bulunuldu.<\/div>\n<div dir=\"auto\"><img loading=\"lazy\" decoding=\"async\" class=\"alignnone wp-image-7281\" src=\"http:\/\/site.zile.bel.tr\/wp-content\/uploads\/2024\/05\/441282374_477009501373471_8870743717506134370_n-300x200.jpg\" alt=\"\" width=\"800\" height=\"534\" srcset=\"https:\/\/site.zile.bel.tr\/wp-content\/uploads\/2024\/05\/441282374_477009501373471_8870743717506134370_n-300x200.jpg 300w, https:\/\/site.zile.bel.tr\/wp-content\/uploads\/2024\/05\/441282374_477009501373471_8870743717506134370_n-1024x683.jpg 1024w, https:\/\/site.zile.bel.tr\/wp-content\/uploads\/2024\/05\/441282374_477009501373471_8870743717506134370_n-768x512.jpg 768w, https:\/\/site.zile.bel.tr\/wp-content\/uploads\/2024\/05\/441282374_477009501373471_8870743717506134370_n-1536x1025.jpg 1536w, https:\/\/site.zile.bel.tr\/wp-content\/uploads\/2024\/05\/441282374_477009501373471_8870743717506134370_n.jpg 2048w\" sizes=\"auto, (max-width: 800px) 100vw, 800px\" \/><\/div>\n<div dir=\"auto\"><img loading=\"lazy\" decoding=\"async\" class=\"alignnone wp-image-7282\" src=\"http:\/\/site.zile.bel.tr\/wp-content\/uploads\/2024\/05\/440755437_477009444706810_6336501871934574111_n-300x278.jpg\" alt=\"\" width=\"800\" height=\"741\" srcset=\"https:\/\/site.zile.bel.tr\/wp-content\/uploads\/2024\/05\/440755437_477009444706810_6336501871934574111_n-300x278.jpg 300w, https:\/\/site.zile.bel.tr\/wp-content\/uploads\/2024\/05\/440755437_477009444706810_6336501871934574111_n-1024x948.jpg 1024w, https:\/\/site.zile.bel.tr\/wp-content\/uploads\/2024\/05\/440755437_477009444706810_6336501871934574111_n-768x711.jpg 768w, https:\/\/site.zile.bel.tr\/wp-content\/uploads\/2024\/05\/440755437_477009444706810_6336501871934574111_n.jpg 1467w\" sizes=\"auto, (max-width: 800px) 100vw, 800px\" \/><\/div>\n<\/div>\n","protected":false},"excerpt":{"rendered":"<p>B\u0130Z B\u00dcY\u00dcK B\u0130R A\u0130LEY\u0130Z Bug\u00fcn Zile Belediye Ba\u015fkan\u0131m\u0131z \u015e\u00fckru Sarg\u0131n, Turhal Belediye Ba\u015fkan\u0131m\u0131z Mehmet Erdem Ural, Tokat Milletvekilimiz Kadim Durmaz, \u0130stanbul Avc\u0131lar eski Belediye Ba\u015fkan\u0131m\u0131z Turan Han\u00e7erli ve beraberinde ki heyet Samsun Atakum Belediye Ba\u015fkan\u0131 Serhat T\u00fcrkel&#8217;i makam\u0131nda ziyaret ettiler. Kabulde belediyeler aras\u0131nda yap\u0131lacak dayan\u0131\u015fma ve i\u015fbirli\u011fi konular\u0131nda fikir al\u0131\u015fveri\u015finde bulunuldu.<\/p>\n","protected":false},"author":1,"featured_media":7282,"comment_status":"open","ping_status":"open","sticky":false,"template":"","format":"standard","meta":{"footnotes":""},"categories":[11],"tags":[],"class_list":["post-7280","post","type-post","status-publish","format-standard","has-post-thumbnail","hentry","category-haberler"],"_links":{"self":[{"href":"https:\/\/site.zile.bel.tr\/index.php\/wp-json\/wp\/v2\/posts\/7280","targetHints":{"allow":["GET"]}}],"collection":[{"href":"https:\/\/site.zile.bel.tr\/index.php\/wp-json\/wp\/v2\/posts"}],"about":[{"href":"https:\/\/site.zile.bel.tr\/index.php\/wp-json\/wp\/v2\/types\/post"}],"author":[{"embeddable":true,"href":"https:\/\/site.zile.bel.tr\/index.php\/wp-json\/wp\/v2\/users\/1"}],"replies":[{"embeddable":true,"href":"https:\/\/site.zile.bel.tr\/index.php\/wp-json\/wp\/v2\/comments?post=7280"}],"version-history":[{"count":1,"href":"https:\/\/site.zile.bel.tr\/index.php\/wp-json\/wp\/v2\/posts\/7280\/revisions"}],"predecessor-version":[{"id":7283,"href":"https:\/\/site.zile.bel.tr\/index.php\/wp-json\/wp\/v2\/posts\/7280\/revisions\/7283"}],"wp:featuredmedia":[{"embeddable":true,"href":"https:\/\/site.zile.bel.tr\/index.php\/wp-json\/wp\/v2\/media\/7282"}],"wp:attachment":[{"href":"https:\/\/site.zile.bel.tr\/index.php\/wp-json\/wp\/v2\/media?parent=7280"}],"wp:term":[{"taxonomy":"category","embeddable":true,"href":"https:\/\/site.zile.bel.tr\/index.php\/wp-json\/wp\/v2\/categories?post=7280"},{"taxonomy":"post_tag","embeddable":true,"href":"https:\/\/site.zile.bel.tr\/index.php\/wp-json\/wp\/v2\/tags?post=7280"}],"curies":[{"name":"wp","href":"https:\/\/api.w.org\/{rel}","templated":true}]}}