{"id":7284,"date":"2024-05-04T15:40:07","date_gmt":"2024-05-04T12:40:07","guid":{"rendered":"https:\/\/site.zile.bel.tr\/?p=7284"},"modified":"2024-05-10T15:41:57","modified_gmt":"2024-05-10T12:41:57","slug":"komsu-ilimize-ziyaret","status":"publish","type":"post","link":"https:\/\/site.zile.bel.tr\/index.php\/2024\/05\/04\/komsu-ilimize-ziyaret\/","title":{"rendered":"KOM\u015eU \u0130L\u0130M\u0130ZE Z\u0130YARET"},"content":{"rendered":"<div class=\"xdj266r x11i5rnm xat24cr x1mh8g0r x1vvkbs x126k92a\">\n<div dir=\"auto\">KOM\u015eU \u0130L\u0130M\u0130ZE Z\u0130YARET<\/div>\n<\/div>\n<div class=\"x11i5rnm xat24cr x1mh8g0r x1vvkbs xtlvy1s x126k92a\">\n<div dir=\"auto\">K\u00fclt\u00fcrel anlamda birbirimize \u00e7ok benzeyen, \u00e7ok ortak paydam\u0131z olan kom\u015fu ilimiz Amasya Belediye Ba\u015fkan\u0131na hay\u0131rl\u0131 olsun ziyareti.<\/div>\n<\/div>\n<div class=\"x11i5rnm xat24cr x1mh8g0r x1vvkbs xtlvy1s x126k92a\">\n<div dir=\"auto\">Zile Belediye Ba\u015fkan\u0131 \u015e\u00fckr\u00fc Sarg\u0131n, Turhal Belediye Ba\u015fkan\u0131 Mehmet Erdem Ural, Tokat Milletvekili Kadim Durmaz ve Avc\u0131lar eski Belediye Ba\u015fkan\u0131 Turan Han\u00e7erli yeni se\u00e7ilen Amasya Belediye Ba\u015fkan\u0131 Av.Turgay Sevindi&#8217;yi ziyaret ettiler.<\/div>\n<\/div>\n<div class=\"x11i5rnm xat24cr x1mh8g0r x1vvkbs xtlvy1s x126k92a\">\n<div dir=\"auto\">Ba\u015fkan Sarg\u0131n &#8220;Amasya bizim i\u00e7in \u00e7ok \u00f6nemli bir \u015fehir. Bir birimize her konuda \u00e7ok yak\u0131n\u0131z. O kadar ortak k\u00fclt\u00fcr\u00fcm\u00fcz var ki, bunlar iki \u015fehirin ortak kalk\u0131nmas\u0131nda \u00f6nemli paydalar. K\u00fclt\u00fcr turizminde bir marka olan Amasya&#8217;ya gelen turlar\u0131n Zile destinasyonuna kat\u0131lmas\u0131 i\u00e7in projelerimiz var&#8221; dedi.<\/div>\n<div dir=\"auto\"><img loading=\"lazy\" decoding=\"async\" class=\"alignnone wp-image-7285 size-full\" src=\"http:\/\/site.zile.bel.tr\/wp-content\/uploads\/2024\/05\/441347560_477016361372785_4463670777224438718_n.jpg\" alt=\"\" width=\"765\" height=\"1342\" srcset=\"https:\/\/site.zile.bel.tr\/wp-content\/uploads\/2024\/05\/441347560_477016361372785_4463670777224438718_n.jpg 765w, https:\/\/site.zile.bel.tr\/wp-content\/uploads\/2024\/05\/441347560_477016361372785_4463670777224438718_n-171x300.jpg 171w, https:\/\/site.zile.bel.tr\/wp-content\/uploads\/2024\/05\/441347560_477016361372785_4463670777224438718_n-584x1024.jpg 584w\" sizes=\"auto, (max-width: 765px) 100vw, 765px\" \/><\/div>\n<div dir=\"auto\"><img loading=\"lazy\" decoding=\"async\" class=\"alignnone wp-image-7286\" src=\"http:\/\/site.zile.bel.tr\/wp-content\/uploads\/2024\/05\/440797700_477016391372782_1996267416937387077_n-300x210.jpg\" alt=\"\" width=\"800\" height=\"560\" srcset=\"https:\/\/site.zile.bel.tr\/wp-content\/uploads\/2024\/05\/440797700_477016391372782_1996267416937387077_n-300x210.jpg 300w, https:\/\/site.zile.bel.tr\/wp-content\/uploads\/2024\/05\/440797700_477016391372782_1996267416937387077_n-1024x717.jpg 1024w, https:\/\/site.zile.bel.tr\/wp-content\/uploads\/2024\/05\/440797700_477016391372782_1996267416937387077_n-768x538.jpg 768w, https:\/\/site.zile.bel.tr\/wp-content\/uploads\/2024\/05\/440797700_477016391372782_1996267416937387077_n.jpg 1398w\" sizes=\"auto, (max-width: 800px) 100vw, 800px\" \/><\/div>\n<\/div>\n","protected":false},"excerpt":{"rendered":"<p>KOM\u015eU \u0130L\u0130M\u0130ZE Z\u0130YARET K\u00fclt\u00fcrel anlamda birbirimize \u00e7ok benzeyen, \u00e7ok ortak paydam\u0131z olan kom\u015fu ilimiz Amasya Belediye Ba\u015fkan\u0131na hay\u0131rl\u0131 olsun ziyareti. Zile Belediye Ba\u015fkan\u0131 \u015e\u00fckr\u00fc Sarg\u0131n, Turhal Belediye Ba\u015fkan\u0131 Mehmet Erdem Ural, Tokat Milletvekili Kadim Durmaz ve Avc\u0131lar eski Belediye Ba\u015fkan\u0131 Turan Han\u00e7erli yeni se\u00e7ilen Amasya Belediye Ba\u015fkan\u0131 Av.Turgay Sevindi&#8217;yi ziyaret ettiler. Ba\u015fkan Sarg\u0131n &#8220;Amasya bizim [&hellip;]<\/p>\n","protected":false},"author":1,"featured_media":7285,"comment_status":"open","ping_status":"open","sticky":false,"template":"","format":"standard","meta":{"footnotes":""},"categories":[11],"tags":[],"class_list":["post-7284","post","type-post","status-publish","format-standard","has-post-thumbnail","hentry","category-haberler"],"_links":{"self":[{"href":"https:\/\/site.zile.bel.tr\/index.php\/wp-json\/wp\/v2\/posts\/7284","targetHints":{"allow":["GET"]}}],"collection":[{"href":"https:\/\/site.zile.bel.tr\/index.php\/wp-json\/wp\/v2\/posts"}],"about":[{"href":"https:\/\/site.zile.bel.tr\/index.php\/wp-json\/wp\/v2\/types\/post"}],"author":[{"embeddable":true,"href":"https:\/\/site.zile.bel.tr\/index.php\/wp-json\/wp\/v2\/users\/1"}],"replies":[{"embeddable":true,"href":"https:\/\/site.zile.bel.tr\/index.php\/wp-json\/wp\/v2\/comments?post=7284"}],"version-history":[{"count":1,"href":"https:\/\/site.zile.bel.tr\/index.php\/wp-json\/wp\/v2\/posts\/7284\/revisions"}],"predecessor-version":[{"id":7287,"href":"https:\/\/site.zile.bel.tr\/index.php\/wp-json\/wp\/v2\/posts\/7284\/revisions\/7287"}],"wp:featuredmedia":[{"embeddable":true,"href":"https:\/\/site.zile.bel.tr\/index.php\/wp-json\/wp\/v2\/media\/7285"}],"wp:attachment":[{"href":"https:\/\/site.zile.bel.tr\/index.php\/wp-json\/wp\/v2\/media?parent=7284"}],"wp:term":[{"taxonomy":"category","embeddable":true,"href":"https:\/\/site.zile.bel.tr\/index.php\/wp-json\/wp\/v2\/categories?post=7284"},{"taxonomy":"post_tag","embeddable":true,"href":"https:\/\/site.zile.bel.tr\/index.php\/wp-json\/wp\/v2\/tags?post=7284"}],"curies":[{"name":"wp","href":"https:\/\/api.w.org\/{rel}","templated":true}]}}