{"id":7310,"date":"2024-05-10T15:50:29","date_gmt":"2024-05-10T12:50:29","guid":{"rendered":"https:\/\/site.zile.bel.tr\/?p=7310"},"modified":"2024-05-10T15:50:29","modified_gmt":"2024-05-10T12:50:29","slug":"mehmet-canin-hayali-gerceklesti","status":"publish","type":"post","link":"https:\/\/site.zile.bel.tr\/index.php\/2024\/05\/10\/mehmet-canin-hayali-gerceklesti\/","title":{"rendered":"MEHMET CAN&#8217;IN HAYAL\u0130 GER\u00c7EKLE\u015eT\u0130"},"content":{"rendered":"<div class=\"xdj266r x11i5rnm xat24cr x1mh8g0r x1vvkbs x126k92a\">\n<div dir=\"auto\">MEHMET CAN&#8217;IN HAYAL\u0130 GER\u00c7EKLE\u015eT\u0130<\/div>\n<\/div>\n<div class=\"x11i5rnm xat24cr x1mh8g0r x1vvkbs xtlvy1s x126k92a\">\n<div dir=\"auto\">Down sendromlu Mehmet Can Susur bu g\u00fcn Belediye Ba\u015fkanl\u0131k makam\u0131na oturdu. Uzun zamand\u0131r belediye ba\u015fkan\u0131 olmay\u0131 isteyen Mehmet Can&#8217;\u0131n bu iste\u011fi kar\u015f\u0131l\u0131ks\u0131z kalmad\u0131.<\/div>\n<div dir=\"auto\">Zile Belediye Ba\u015fkan\u0131 \u015e\u00fckr\u00fc Sarg\u0131n Mehmet Can&#8217;\u0131 engelliler haftas\u0131 nedeni ile kabul ederek makam\u0131na oturttu.<\/div>\n<div dir=\"auto\">Ba\u015fkan Sarg\u0131n Engelli Karde\u015flerimizin hayat\u0131n\u0131 kolayla\u015ft\u0131rmak i\u00e7in gerekli hassasiyeti g\u00f6sterdiklerini belirterek&#8221; Zilemizi engelsiz kent yapmak i\u00e7in ilgili STK larla birlikte \u00e7al\u0131\u015f\u0131yoruz. Bu karde\u015flerimizi sosyalle\u015ftirmek, hayat\u0131n ola\u011fan ak\u0131\u015f\u0131 i\u00e7inde aktif hale getirmek i\u00e7in ne gerekiyorsa yapaca\u011f\u0131z&#8221; dedi.<\/div>\n<div dir=\"auto\"><img loading=\"lazy\" decoding=\"async\" class=\"alignnone wp-image-7311\" src=\"http:\/\/site.zile.bel.tr\/wp-content\/uploads\/2024\/05\/441403499_480987417642346_7016266024711489413_n-300x200.jpg\" alt=\"\" width=\"800\" height=\"533\" srcset=\"https:\/\/site.zile.bel.tr\/wp-content\/uploads\/2024\/05\/441403499_480987417642346_7016266024711489413_n-300x200.jpg 300w, https:\/\/site.zile.bel.tr\/wp-content\/uploads\/2024\/05\/441403499_480987417642346_7016266024711489413_n-1024x682.jpg 1024w, https:\/\/site.zile.bel.tr\/wp-content\/uploads\/2024\/05\/441403499_480987417642346_7016266024711489413_n-768x512.jpg 768w, https:\/\/site.zile.bel.tr\/wp-content\/uploads\/2024\/05\/441403499_480987417642346_7016266024711489413_n-1536x1023.jpg 1536w, https:\/\/site.zile.bel.tr\/wp-content\/uploads\/2024\/05\/441403499_480987417642346_7016266024711489413_n.jpg 1600w\" sizes=\"auto, (max-width: 800px) 100vw, 800px\" \/><\/div>\n<div dir=\"auto\"><img loading=\"lazy\" decoding=\"async\" class=\"alignnone wp-image-7312\" src=\"http:\/\/site.zile.bel.tr\/wp-content\/uploads\/2024\/05\/441061294_480987480975673_2598199449159126056_n-300x200.jpg\" alt=\"\" width=\"800\" height=\"533\" srcset=\"https:\/\/site.zile.bel.tr\/wp-content\/uploads\/2024\/05\/441061294_480987480975673_2598199449159126056_n-300x200.jpg 300w, https:\/\/site.zile.bel.tr\/wp-content\/uploads\/2024\/05\/441061294_480987480975673_2598199449159126056_n-1024x682.jpg 1024w, https:\/\/site.zile.bel.tr\/wp-content\/uploads\/2024\/05\/441061294_480987480975673_2598199449159126056_n-768x512.jpg 768w, https:\/\/site.zile.bel.tr\/wp-content\/uploads\/2024\/05\/441061294_480987480975673_2598199449159126056_n-1536x1023.jpg 1536w, https:\/\/site.zile.bel.tr\/wp-content\/uploads\/2024\/05\/441061294_480987480975673_2598199449159126056_n.jpg 1600w\" sizes=\"auto, (max-width: 800px) 100vw, 800px\" \/><\/div>\n<\/div>\n","protected":false},"excerpt":{"rendered":"<p>MEHMET CAN&#8217;IN HAYAL\u0130 GER\u00c7EKLE\u015eT\u0130 Down sendromlu Mehmet Can Susur bu g\u00fcn Belediye Ba\u015fkanl\u0131k makam\u0131na oturdu. Uzun zamand\u0131r belediye ba\u015fkan\u0131 olmay\u0131 isteyen Mehmet Can&#8217;\u0131n bu iste\u011fi kar\u015f\u0131l\u0131ks\u0131z kalmad\u0131. Zile Belediye Ba\u015fkan\u0131 \u015e\u00fckr\u00fc Sarg\u0131n Mehmet Can&#8217;\u0131 engelliler haftas\u0131 nedeni ile kabul ederek makam\u0131na oturttu. Ba\u015fkan Sarg\u0131n Engelli Karde\u015flerimizin hayat\u0131n\u0131 kolayla\u015ft\u0131rmak i\u00e7in gerekli hassasiyeti g\u00f6sterdiklerini belirterek&#8221; Zilemizi engelsiz [&hellip;]<\/p>\n","protected":false},"author":1,"featured_media":7311,"comment_status":"open","ping_status":"open","sticky":false,"template":"","format":"standard","meta":{"footnotes":""},"categories":[11],"tags":[],"class_list":["post-7310","post","type-post","status-publish","format-standard","has-post-thumbnail","hentry","category-haberler"],"_links":{"self":[{"href":"https:\/\/site.zile.bel.tr\/index.php\/wp-json\/wp\/v2\/posts\/7310","targetHints":{"allow":["GET"]}}],"collection":[{"href":"https:\/\/site.zile.bel.tr\/index.php\/wp-json\/wp\/v2\/posts"}],"about":[{"href":"https:\/\/site.zile.bel.tr\/index.php\/wp-json\/wp\/v2\/types\/post"}],"author":[{"embeddable":true,"href":"https:\/\/site.zile.bel.tr\/index.php\/wp-json\/wp\/v2\/users\/1"}],"replies":[{"embeddable":true,"href":"https:\/\/site.zile.bel.tr\/index.php\/wp-json\/wp\/v2\/comments?post=7310"}],"version-history":[{"count":1,"href":"https:\/\/site.zile.bel.tr\/index.php\/wp-json\/wp\/v2\/posts\/7310\/revisions"}],"predecessor-version":[{"id":7313,"href":"https:\/\/site.zile.bel.tr\/index.php\/wp-json\/wp\/v2\/posts\/7310\/revisions\/7313"}],"wp:featuredmedia":[{"embeddable":true,"href":"https:\/\/site.zile.bel.tr\/index.php\/wp-json\/wp\/v2\/media\/7311"}],"wp:attachment":[{"href":"https:\/\/site.zile.bel.tr\/index.php\/wp-json\/wp\/v2\/media?parent=7310"}],"wp:term":[{"taxonomy":"category","embeddable":true,"href":"https:\/\/site.zile.bel.tr\/index.php\/wp-json\/wp\/v2\/categories?post=7310"},{"taxonomy":"post_tag","embeddable":true,"href":"https:\/\/site.zile.bel.tr\/index.php\/wp-json\/wp\/v2\/tags?post=7310"}],"curies":[{"name":"wp","href":"https:\/\/api.w.org\/{rel}","templated":true}]}}