{"id":7317,"date":"2024-05-12T15:02:01","date_gmt":"2024-05-12T12:02:01","guid":{"rendered":"https:\/\/site.zile.bel.tr\/?p=7317"},"modified":"2024-05-13T15:05:06","modified_gmt":"2024-05-13T12:05:06","slug":"duyuru","status":"publish","type":"post","link":"https:\/\/site.zile.bel.tr\/index.php\/2024\/05\/12\/duyuru\/","title":{"rendered":"Yo\u011fun sa\u011fanak ya\u011f\u0131\u015f\u0131 hakk\u0131nda bilgilendirme"},"content":{"rendered":"<div class=\"xdj266r x11i5rnm xat24cr x1mh8g0r x1vvkbs x126k92a\">\n<div dir=\"auto\">Sevgili Hem\u015ferilerim<\/div>\n<\/div>\n<div class=\"x11i5rnm xat24cr x1mh8g0r x1vvkbs xtlvy1s x126k92a\">\n<div dir=\"auto\">D\u00fcn ak\u015fam saat 20 den itibaren Zile&#8217;mizde ba\u015flayan yo\u011fun sa\u011fanak ya\u011f\u0131\u015f nedeni ile baz\u0131 binalar\u0131n bodrum ve zemin katlar\u0131nda sel bask\u0131nlar\u0131 meydana gelmi\u015ftir.<\/div>\n<\/div>\n<div class=\"x11i5rnm xat24cr x1mh8g0r x1vvkbs xtlvy1s x126k92a\">\n<div dir=\"auto\">Mevsim normalleri d\u0131\u015f\u0131nda ya\u015fanan bu afattan maalesef bir \u00e7ok hem\u015ferimiz olumsuz etkilendi.<\/div>\n<\/div>\n<div class=\"x11i5rnm xat24cr x1mh8g0r x1vvkbs xtlvy1s x126k92a\">\n<div dir=\"auto\">Ya\u011f\u0131\u015flar\u0131n ba\u015flad\u0131\u011f\u0131 andan itibaren, itfaiye, fen i\u015fleri, temizlik ve su \u015febekesi ekiplerimiz sahada ma\u011fdur olan hem\u015ferimize yard\u0131mc\u0131 oluyorlar.<\/div>\n<\/div>\n<div class=\"x11i5rnm xat24cr x1mh8g0r x1vvkbs xtlvy1s x126k92a\">\n<div dir=\"auto\">Ya\u011f\u0131\u015flardan haftalar \u00f6ncesi, olas\u0131 sel ta\u015fk\u0131nlar\u0131n\u0131 \u00f6nlemek i\u00e7in ana artellerde r\u00f6garlar\u0131n temizli\u011fi yap\u0131ld\u0131. Ancak t\u00fcm tedbirlere ra\u011fmen yo\u011fun ya\u011f\u0131\u015f nedeni ile sel bask\u0131nlar\u0131 \u00f6nlenemedi.<\/div>\n<\/div>\n<div class=\"x11i5rnm xat24cr x1mh8g0r x1vvkbs xtlvy1s x126k92a\">\n<div dir=\"auto\">Selden zarar g\u00f6renlerin zararlar\u0131n\u0131n kar\u015f\u0131lanmas\u0131, yaralar\u0131n sar\u0131lmas\u0131 i\u00e7in \u00e7al\u0131\u015f\u0131yoruz.<\/div>\n<\/div>\n<div class=\"x11i5rnm xat24cr x1mh8g0r x1vvkbs xtlvy1s x126k92a\">\n<div dir=\"auto\">AFAD ekipleri zarar ziyan tespiti i\u00e7in ma\u011fdur mekanlar\u0131 ziyaret edip tespitlerini yapacaklar. Bizi sevindiren en \u00f6nemli konu herhangi bir can kayb\u0131m\u0131z\u0131n olmamas\u0131d\u0131r.<\/div>\n<\/div>\n<div class=\"x11i5rnm xat24cr x1mh8g0r x1vvkbs xtlvy1s x126k92a\">\n<div dir=\"auto\">Bu vesile ile t\u00fcm hem\u015ferilerimize ge\u00e7mi\u015f olsun diyor, bir daha bu t\u00fcr felaketlerin ya\u015fanmamas\u0131n\u0131 temenni ediyorum.<\/div>\n<\/div>\n<div class=\"x11i5rnm xat24cr x1mh8g0r x1vvkbs xtlvy1s x126k92a\">\n<div dir=\"auto\">\u015e\u00fckr\u00fc SARGIN<\/div>\n<div dir=\"auto\">Zile Belediye Ba\u015fkan\u0131<\/div>\n<\/div>\n","protected":false},"excerpt":{"rendered":"<p>Sevgili Hem\u015ferilerim D\u00fcn ak\u015fam saat 20 den itibaren Zile&#8217;mizde ba\u015flayan yo\u011fun sa\u011fanak ya\u011f\u0131\u015f nedeni ile baz\u0131 binalar\u0131n bodrum ve zemin katlar\u0131nda sel bask\u0131nlar\u0131 meydana gelmi\u015ftir. Mevsim normalleri d\u0131\u015f\u0131nda ya\u015fanan bu afattan maalesef bir \u00e7ok hem\u015ferimiz olumsuz etkilendi. Ya\u011f\u0131\u015flar\u0131n ba\u015flad\u0131\u011f\u0131 andan itibaren, itfaiye, fen i\u015fleri, temizlik ve su \u015febekesi ekiplerimiz sahada ma\u011fdur olan hem\u015ferimize yard\u0131mc\u0131 oluyorlar. [&hellip;]<\/p>\n","protected":false},"author":1,"featured_media":7318,"comment_status":"open","ping_status":"open","sticky":false,"template":"","format":"standard","meta":{"footnotes":""},"categories":[11],"tags":[],"class_list":["post-7317","post","type-post","status-publish","format-standard","has-post-thumbnail","hentry","category-haberler"],"_links":{"self":[{"href":"https:\/\/site.zile.bel.tr\/index.php\/wp-json\/wp\/v2\/posts\/7317","targetHints":{"allow":["GET"]}}],"collection":[{"href":"https:\/\/site.zile.bel.tr\/index.php\/wp-json\/wp\/v2\/posts"}],"about":[{"href":"https:\/\/site.zile.bel.tr\/index.php\/wp-json\/wp\/v2\/types\/post"}],"author":[{"embeddable":true,"href":"https:\/\/site.zile.bel.tr\/index.php\/wp-json\/wp\/v2\/users\/1"}],"replies":[{"embeddable":true,"href":"https:\/\/site.zile.bel.tr\/index.php\/wp-json\/wp\/v2\/comments?post=7317"}],"version-history":[{"count":2,"href":"https:\/\/site.zile.bel.tr\/index.php\/wp-json\/wp\/v2\/posts\/7317\/revisions"}],"predecessor-version":[{"id":7320,"href":"https:\/\/site.zile.bel.tr\/index.php\/wp-json\/wp\/v2\/posts\/7317\/revisions\/7320"}],"wp:featuredmedia":[{"embeddable":true,"href":"https:\/\/site.zile.bel.tr\/index.php\/wp-json\/wp\/v2\/media\/7318"}],"wp:attachment":[{"href":"https:\/\/site.zile.bel.tr\/index.php\/wp-json\/wp\/v2\/media?parent=7317"}],"wp:term":[{"taxonomy":"category","embeddable":true,"href":"https:\/\/site.zile.bel.tr\/index.php\/wp-json\/wp\/v2\/categories?post=7317"},{"taxonomy":"post_tag","embeddable":true,"href":"https:\/\/site.zile.bel.tr\/index.php\/wp-json\/wp\/v2\/tags?post=7317"}],"curies":[{"name":"wp","href":"https:\/\/api.w.org\/{rel}","templated":true}]}}