{"id":7750,"date":"2024-07-26T14:33:53","date_gmt":"2024-07-26T11:33:53","guid":{"rendered":"https:\/\/site.zile.bel.tr\/?p=7750"},"modified":"2024-07-31T14:36:30","modified_gmt":"2024-07-31T11:36:30","slug":"zilede-cop-konteynerleri-temizlendi","status":"publish","type":"post","link":"https:\/\/site.zile.bel.tr\/index.php\/2024\/07\/26\/zilede-cop-konteynerleri-temizlendi\/","title":{"rendered":"Zile&#8217;de \u00e7\u00f6p konteynerleri temizlendi"},"content":{"rendered":"<div class=\"xdj266r x11i5rnm xat24cr x1mh8g0r x1vvkbs x126k92a\">\n<div dir=\"auto\">Zile&#8217;de \u00e7\u00f6p konteynerleri temizlendi<\/div>\n<div dir=\"auto\"><img loading=\"lazy\" decoding=\"async\" class=\"alignnone wp-image-7751\" src=\"http:\/\/site.zile.bel.tr\/wp-content\/uploads\/2024\/07\/452920551_527094763031611_1604000853397705424_n-300x200.jpg\" alt=\"\" width=\"800\" height=\"533\" srcset=\"https:\/\/site.zile.bel.tr\/wp-content\/uploads\/2024\/07\/452920551_527094763031611_1604000853397705424_n-300x200.jpg 300w, https:\/\/site.zile.bel.tr\/wp-content\/uploads\/2024\/07\/452920551_527094763031611_1604000853397705424_n-1024x682.jpg 1024w, https:\/\/site.zile.bel.tr\/wp-content\/uploads\/2024\/07\/452920551_527094763031611_1604000853397705424_n-768x512.jpg 768w, https:\/\/site.zile.bel.tr\/wp-content\/uploads\/2024\/07\/452920551_527094763031611_1604000853397705424_n-1536x1023.jpg 1536w, https:\/\/site.zile.bel.tr\/wp-content\/uploads\/2024\/07\/452920551_527094763031611_1604000853397705424_n.jpg 1600w\" sizes=\"auto, (max-width: 800px) 100vw, 800px\" \/><\/div>\n<\/div>\n<div class=\"x11i5rnm xat24cr x1mh8g0r x1vvkbs xtlvy1s x126k92a\">\n<div dir=\"auto\">Zile Belediyesi, yaz d\u00f6nemi \u00e7\u00f6plerden olu\u015fabilecek k\u00f6t\u00fc koku ve kirlili\u011fe kar\u015f\u0131 \u00e7\u00f6p konteynerlerinin y\u0131kama \u00e7al\u0131\u015fmalar\u0131na ba\u015flad\u0131. \u00c7evre ve halk sa\u011fl\u0131\u011f\u0131na \u00f6nem veren belediye ekipleri daha temiz bir Zile i\u00e7in \u00e7al\u0131\u015f\u0131yor.<\/div>\n<div dir=\"auto\"><img loading=\"lazy\" decoding=\"async\" class=\"alignnone wp-image-7752\" src=\"http:\/\/site.zile.bel.tr\/wp-content\/uploads\/2024\/07\/452879527_527094696364951_3008302322783041620_n-300x200.jpg\" alt=\"\" width=\"800\" height=\"533\" srcset=\"https:\/\/site.zile.bel.tr\/wp-content\/uploads\/2024\/07\/452879527_527094696364951_3008302322783041620_n-300x200.jpg 300w, https:\/\/site.zile.bel.tr\/wp-content\/uploads\/2024\/07\/452879527_527094696364951_3008302322783041620_n-1024x682.jpg 1024w, https:\/\/site.zile.bel.tr\/wp-content\/uploads\/2024\/07\/452879527_527094696364951_3008302322783041620_n-768x512.jpg 768w, https:\/\/site.zile.bel.tr\/wp-content\/uploads\/2024\/07\/452879527_527094696364951_3008302322783041620_n-1536x1023.jpg 1536w, https:\/\/site.zile.bel.tr\/wp-content\/uploads\/2024\/07\/452879527_527094696364951_3008302322783041620_n.jpg 1600w\" sizes=\"auto, (max-width: 800px) 100vw, 800px\" \/><\/div>\n<\/div>\n","protected":false},"excerpt":{"rendered":"<p>Zile&#8217;de \u00e7\u00f6p konteynerleri temizlendi Zile Belediyesi, yaz d\u00f6nemi \u00e7\u00f6plerden olu\u015fabilecek k\u00f6t\u00fc koku ve kirlili\u011fe kar\u015f\u0131 \u00e7\u00f6p konteynerlerinin y\u0131kama \u00e7al\u0131\u015fmalar\u0131na ba\u015flad\u0131. \u00c7evre ve halk sa\u011fl\u0131\u011f\u0131na \u00f6nem veren belediye ekipleri daha temiz bir Zile i\u00e7in \u00e7al\u0131\u015f\u0131yor.<\/p>\n","protected":false},"author":1,"featured_media":7751,"comment_status":"open","ping_status":"open","sticky":false,"template":"","format":"standard","meta":{"footnotes":""},"categories":[11],"tags":[],"class_list":["post-7750","post","type-post","status-publish","format-standard","has-post-thumbnail","hentry","category-haberler"],"_links":{"self":[{"href":"https:\/\/site.zile.bel.tr\/index.php\/wp-json\/wp\/v2\/posts\/7750","targetHints":{"allow":["GET"]}}],"collection":[{"href":"https:\/\/site.zile.bel.tr\/index.php\/wp-json\/wp\/v2\/posts"}],"about":[{"href":"https:\/\/site.zile.bel.tr\/index.php\/wp-json\/wp\/v2\/types\/post"}],"author":[{"embeddable":true,"href":"https:\/\/site.zile.bel.tr\/index.php\/wp-json\/wp\/v2\/users\/1"}],"replies":[{"embeddable":true,"href":"https:\/\/site.zile.bel.tr\/index.php\/wp-json\/wp\/v2\/comments?post=7750"}],"version-history":[{"count":1,"href":"https:\/\/site.zile.bel.tr\/index.php\/wp-json\/wp\/v2\/posts\/7750\/revisions"}],"predecessor-version":[{"id":7753,"href":"https:\/\/site.zile.bel.tr\/index.php\/wp-json\/wp\/v2\/posts\/7750\/revisions\/7753"}],"wp:featuredmedia":[{"embeddable":true,"href":"https:\/\/site.zile.bel.tr\/index.php\/wp-json\/wp\/v2\/media\/7751"}],"wp:attachment":[{"href":"https:\/\/site.zile.bel.tr\/index.php\/wp-json\/wp\/v2\/media?parent=7750"}],"wp:term":[{"taxonomy":"category","embeddable":true,"href":"https:\/\/site.zile.bel.tr\/index.php\/wp-json\/wp\/v2\/categories?post=7750"},{"taxonomy":"post_tag","embeddable":true,"href":"https:\/\/site.zile.bel.tr\/index.php\/wp-json\/wp\/v2\/tags?post=7750"}],"curies":[{"name":"wp","href":"https:\/\/api.w.org\/{rel}","templated":true}]}}